{"id":3375,"date":"2015-05-30T00:00:00","date_gmt":"2015-05-29T22:00:00","guid":{"rendered":""},"modified":"-0001-11-30T00:00:00","modified_gmt":"-0001-11-29T22:00:00","slug":"goral-w-pieczarze-czyli-polsko-czeska-kielbaska","status":"publish","type":"post","link":"https:\/\/kolo-nowaruda.klodzko.pttk.pl\/index.php\/2015\/05\/30\/goral-w-pieczarze-czyli-polsko-czeska-kielbaska\/","title":{"rendered":"G\u00f3ral w pieczarze, czyli polsko-czeska kie\u0142baska"},"content":{"rendered":"<p>Gwarkowie postanowili zdoby\u0107 kolejny skalp do Odznaki Wie\u017ce Widokowe Ziemi K\u0142odzkiej, czyli wie\u017c\u0119 na Bor\u00f3wkowej (900 m. n.p.m.) w Z\u0142otych G\u00f3rach<\/p>\n<p>W sobot\u0119 15-V-2015 startujemy w urokliwym Ladku Zdroju, przy kamienicy s\u0142ynnego rze\u017abiarza epoki baroku Micha\u0142a Klahra Starszego (talent odziedziczy\u0142 po nim r\u00f3wnie\u017c syn Micha\u0142 Ignacy). Nieopodal stoi najokazalsze i zarazem ostatnie jego dzie\u0142o kolumna, 7 metrowy pomnik Tr\u00f3jcy \u015awi\u0119tej wykonany z piaskowca w latach 1739-41. Nast\u0119pnie sesja pod neorenesansowym ratuszem i pr\u0119gierzem z II po\u0142. XVI w., kt\u00f3ry przeniesiono z wsi Skrzynka(stary Ladecki kto\u015b po\u017cyczy\u0142) i kierujemy si\u0119 do marmurowego pomnika z 1866 r. postawionego ku czci ksi\u0119\u017cnej Marianny Ora\u0144skiej (mieszka\u0144cy Ladka Zdroju upami\u0119tnili jej zas\u0142ugi dla rozwoju tych okolic, a zw\u0142aszcza budow\u0119 drogi z Kamie\u0144ca Zabkowickiego (jej siedziby), przez Z\u0142oty Stok, Ladek Zdr\u00f3j do Starego Mesta w Czechach).<\/p>\n<p>Jeszcze tylko przeprawa przez czasami nieobliczalna Bia\u0142a Ladecka, najstarsza zachowana budowla w mie\u015bcie, czyli gotyckim mo\u015bcie z 1565 r. (w 1709 r. zosta\u0142 ozdobiony figura \u015awi\u0119tego Jana Nepomucena i stad nazwa \u201eMost \u015aw. Jana\u201d), i schodzimy na czerwony szlak spacerowy na Bor\u00f3wkowa. Podchodzac szlakiem dochodzimy do Jaskini Zb\u00f3jnik\u00f3w, tam G\u00f3ral robi za Atlanta podtrzymujac strop pieczary. Dalej Strzybnik, Ma\u0142a Bor\u00f3wkowa, 2 studnie (jedna bez wody, chyba wodociagi zamkn\u0119\u0142y) i jeste\u015bmy na szczycie. Trafili\u015bmy dobrze, graniczne ognisko by\u0142o ju\u017c gotowe i wsp\u00f3lnie z czeskimi turystami pieczemy kie\u0142baski przyja\u017ani. Po posi\u0142ku czas wspia\u0107 si\u0119 na wie\u017c\u0119, niestety z tarasu widokowego (na 24 m. wys.), przez chmury tylko chwilami dostrzegamy zarys jezior ( Topoli, Kozielna i Otmuchowskiego) oraz miast (Kamie\u0144ca Zabkowickiego, Z\u0142otego Stoku i Paczkowa). Troch\u0119 niepocieszeni ruszyli\u015bmy w powrotna drog\u0119 do Ladka Zdroju przez Wrzos\u00f3wk\u0119 i Lutyni\u0119. W Wrzos\u00f3wce mijamy g\u00f3rski ko\u015bci\u00f3\u0142ek p.w. \u015aw. Karola Boromeusza i na wzg\u00f3rzu, ,Kaj\u00f3wk\u0119\u201d dom malarza Kazimierza Ha\u0142ajkiewicza, potem Skalny Waw\u00f3z z Pomnikiem Psa My\u015bliwskiego i jeste\u015bmy w Lutyni (niestety kawiarnia Skalniak zamkni\u0119ta).<\/p>\n<p>Jeszcze mijamy stara nieczynna kopalni\u0119 o\u0142owiu \u201eNowy Filip\u201d, krzy\u017c z 1882 r. i zwiazana z nim legenda o duchu \u017cony kupca i ukrytym skarbie, i dochodzimy do Ladka Zdroju, mety naszej w\u0119dr\u00f3wki.<\/p>\n<p>Dzi\u0119kujemy wszystkim uczestnikom oraz panu kierowcy z &#8222;Smilebusa\u201d.<\/p>\n<p>(E.L.)<\/p>\n<p><strong>Wz\u00f3r wype\u0142nienia ksia\u017ceczki GOT:<\/strong><\/p>\n<table border=\"0\" frame=\"box\" rules=\"all\">\n<tbody>\n<tr>\n<td>\n<p>Data<br \/>odbycia<br \/>wycieczki<\/p>\n<\/td>\n<td>Trasa wycieczki<\/td>\n<td>Nr grupy<br \/>g\u00f3rskiej<br \/>wg reg. GOT<\/td>\n<td>Punkt\u00f3w<br \/>wg reg.<br \/>GOT<\/td>\n<td>Czy<br \/>przodownik<br \/>by\u0142 obecny<\/td>\n<td>Podpis i nr legitymacji<br \/>przodownika turystyki<br \/>g\u00f3rskiej<\/td>\n<\/tr>\n<tr>\n<td>30.05.2015<\/td>\n<td>Ladek Zdr\u00f3j-Strzybnik-Bor\u00f3wkowa<!-- br--><br \/>7km, 500m<\/td>\n<td>S17<\/td>\n<td>12<\/td>\n<td>nie<\/td>\n<td><\/td>\n<\/tr>\n<tr>\n<td>30.05.2015<\/td>\n<td>Bor\u00f3wkowa-Wrzos\u00f3wka-Ladek Zdr\u00f3j<br \/><!-- br-->8km<\/td>\n<td>S17<\/td>\n<td>8<\/td>\n<td>nie<\/td>\n<td><\/td>\n<\/tr>\n<\/tbody>\n<\/table>\n","protected":false},"excerpt":{"rendered":"<p>Gwarkowie postanowili zdoby\u0107 kolejny skalp do Odznaki Wie\u017ce Widokowe Ziemi K\u0142odzkiej, czyli wie\u017c\u0119 na Bor\u00f3wkowej (900 m. n.p.m.) w Z\u0142otych G\u00f3rach W sobot\u0119 15-V-2015 startujemy w urokliwym Ladku Zdroju, przy kamienicy s\u0142ynnego rze\u017abiarza epoki baroku Micha\u0142a Klahra Starszego (talent odziedziczy\u0142 po nim r\u00f3wnie\u017c syn Micha\u0142 Ignacy). Nieopodal stoi najokazalsze i zarazem ostatnie jego dzie\u0142o kolumna, [&hellip;]<\/p>\n","protected":false},"author":141,"featured_media":0,"comment_status":"closed","ping_status":"closed","sticky":false,"template":"","format":"standard","meta":{"ngg_post_thumbnail":0,"footnotes":""},"categories":[],"tags":[],"class_list":["post-3375","post","type-post","status-publish","format-standard","hentry"],"_links":{"self":[{"href":"https:\/\/kolo-nowaruda.klodzko.pttk.pl\/index.php\/wp-json\/wp\/v2\/posts\/3375","targetHints":{"allow":["GET"]}}],"collection":[{"href":"https:\/\/kolo-nowaruda.klodzko.pttk.pl\/index.php\/wp-json\/wp\/v2\/posts"}],"about":[{"href":"https:\/\/kolo-nowaruda.klodzko.pttk.pl\/index.php\/wp-json\/wp\/v2\/types\/post"}],"author":[{"embeddable":true,"href":"https:\/\/kolo-nowaruda.klodzko.pttk.pl\/index.php\/wp-json\/wp\/v2\/users\/141"}],"replies":[{"embeddable":true,"href":"https:\/\/kolo-nowaruda.klodzko.pttk.pl\/index.php\/wp-json\/wp\/v2\/comments?post=3375"}],"version-history":[{"count":0,"href":"https:\/\/kolo-nowaruda.klodzko.pttk.pl\/index.php\/wp-json\/wp\/v2\/posts\/3375\/revisions"}],"wp:attachment":[{"href":"https:\/\/kolo-nowaruda.klodzko.pttk.pl\/index.php\/wp-json\/wp\/v2\/media?parent=3375"}],"wp:term":[{"taxonomy":"category","embeddable":true,"href":"https:\/\/kolo-nowaruda.klodzko.pttk.pl\/index.php\/wp-json\/wp\/v2\/categories?post=3375"},{"taxonomy":"post_tag","embeddable":true,"href":"https:\/\/kolo-nowaruda.klodzko.pttk.pl\/index.php\/wp-json\/wp\/v2\/tags?post=3375"}],"curies":[{"name":"wp","href":"https:\/\/api.w.org\/{rel}","templated":true}]}}