{"id":3376,"date":"2015-06-13T00:00:00","date_gmt":"2015-06-12T22:00:00","guid":{"rendered":""},"modified":"-0001-11-30T00:00:00","modified_gmt":"-0001-11-29T22:00:00","slug":"zieloni-kontra-niebiescy","status":"publish","type":"post","link":"https:\/\/kolo-nowaruda.klodzko.pttk.pl\/index.php\/2015\/06\/13\/zieloni-kontra-niebiescy\/","title":{"rendered":"Zieloni kontra Niebiescy"},"content":{"rendered":"<p>Ostatnie przedwakacyjne w\u0119drowanie grupy pani Ireny Caryk i Janka Oko\u0144skiego ze szko\u0142y podstawowej nr 7, wzmocniona Gwarkami i dziewczynami z PTTK K\u0142odzko(\u0142acznie 34 osoby).<\/p>\n<p>Rajd podzielony zosta\u0142 na 2 grupy &#8211; umownie zwane &#8222;Zielona&#8221; i &#8222;Niebieska&#8221;<\/p>\n<p>13 czerwca 2015 r. rozpocz\u0119li\u015bmy na Prze\u0142\u0119czy Puchacz\u00f3wka 864 m. n.p.m., oddzielajaca Pasmo G\u00f3r Krowiarek od Masywu \u015anie\u017cnika. Po kr\u00f3tkim przypomnieniu historii\u00a0 prze\u0142\u0119czy i kaplicy z 1781 r. upami\u0119tniajaca Hansa Manna,grupa ruszy\u0142a do rozwidlenia szlak\u00f3w u podn\u00f3\u017ca Czarnej\u00a0 G\u00f3ry. Tam grupa starsza(zielona) wyruszy\u0142a zdoby\u0107 szczyt Czarnej G\u00f3ry 1205 m. n.p.m.,natomiast grupa niebieska (m\u0142odsza)posz\u0142a historyczna Droga Albrechta z 1838 r. szlakiem niebieskim.<\/p>\n<p>Wie\u017ca widokowa na szczycie Czarnej G\u00f3ry jest zaliczana do odznaki &#8222;Wie\u017ce Widokowe Ziemi K\u0142odzkiej\u201d, i po (ok 75 min.) spokojnym ,ale wymagajacym podej\u015bciu zosta\u0142a zdobyta. (gratulacje dla 4 dziewczyn ,kt\u00f3re po raz pierwszy zdoby\u0142y ten szczyt). Po odpoczynku i podziwianiu z wie\u017cy panoramy g\u00f3r,pora by\u0142a wyruszy\u0107 dalej na szlak na spotkanie z grupa niebieskich,kt\u00f3ra nieopodal kapliczki przysi\u00f3\u0142ku Czarna G\u00f3ra przygotowa\u0142a tradycyjne ognisko.(tu szczeg\u00f3lne podzi\u0119kowania dla Janka Oko\u0144skiego).Dalej ju\u017c wsp\u00f3lnie udali\u015bmy si\u0119 ,do Sanktuarium Matki Boskiej \u015anie\u017cnej i schroniska na Iglicznej. Z powodu wysokiej temperatury lody i\u00a0 ch\u0142odne napoje cieszy\u0142y si\u0119 du\u017cym powodzeniem. Przybycie pary m\u0142odej (wszystkiego najlepszego) skr\u00f3ci\u0142o nasz pobyt w ko\u015bci\u00f3\u0142ku. Dalej idziemy szlakiem zielonym w stron\u0119 zapory (108 m d\u0142., 29 m wys.) na rzece Wilczka w Mi\u0119dzyg\u00f3rzu. Woda w rzece by\u0142a chyba super, bo m\u0142odzie\u017c nie chcia\u0142a opu\u015bci\u0107 tego miejsca, a pozosta\u0142 jeszcze ostatni punkt wycieczki 22m wys. Wodospad Wilczki .Ogladanie ko\u0144czymy do\u015b\u0107 szybko, bo trzeba zda\u017cy\u0107 na mecz Polska-Gruzja(sko\u0144czy\u0142o si\u0119 bardzo dobrze 4:0), u nas zieloni kontra niebiescy wszyscy byli\u015bmy zwyci\u0119zcami.<\/p>\n<p>Dzi\u0119kujemy wszystkim uczestnikom i zapraszamy na kolejne w\u0119dr\u00f3wki.<\/p>\n<p>(E.L.)<\/p>\n<p><strong>Wz\u00f3r wype\u0142nienia ksia\u017ceczki GOT:<\/strong><\/p>\n<p><strong>Grupa niebieska<\/strong><\/p>\n<table border=\"0\" frame=\"box\" rules=\"all\">\n<tbody>\n<tr>\n<td>\n<p>Data<br \/>odbycia<br \/>wycieczki<\/p>\n<\/td>\n<td>Trasa wycieczki<\/td>\n<td>Nr grupy<br \/>g\u00f3rskiej<br \/>wg reg. GOT<\/td>\n<td>Punkt\u00f3w<br \/>wg reg.<br \/>GOT<\/td>\n<td>Czy<br \/>przodownik<br \/>by\u0142 obecny<\/td>\n<td>Podpis i nr legitymacji<br \/>przodownika turystyki<br \/>g\u00f3rskiej<\/td>\n<\/tr>\n<tr>\n<td>13.06.2015<\/td>\n<td>Prze\u0142\u0119cz Puchacz\u00f3wka-Czarna G\u00f3ra<\/td>\n<td>S16<\/td>\n<td>3<\/td>\n<td>nie<\/td>\n<td><\/td>\n<\/tr>\n<tr>\n<td>13.06.2015<\/td>\n<td>Czarna G\u00f3ra-Prze\u0142. pod Jaworowa Kopa<\/td>\n<td>S16<\/td>\n<td>1<\/td>\n<td>nie<\/td>\n<td><\/td>\n<\/tr>\n<tr>\n<td>13.06.2015<\/td>\n<td>Prze\u0142. pod Jaworowa Kopa-Rozdro\u017ce pod Lesie\u0144cem<\/td>\n<td>S16<\/td>\n<td>2<\/td>\n<td>nie<\/td>\n<td><\/td>\n<\/tr>\n<tr>\n<td>13.06.2015<\/td>\n<td>Rozdro\u017ce pod Lesie\u0144cem-Igliczna<\/td>\n<td>S16<\/td>\n<td>5<\/td>\n<td>nie<\/td>\n<td><\/td>\n<\/tr>\n<tr>\n<td>13.06.2015<\/td>\n<td>Igliczna-Mi\u0119dzyg\u00f3rze<\/td>\n<td>S16<\/td>\n<td>4<\/td>\n<td>nie<\/td>\n<td><\/td>\n<\/tr>\n<\/tbody>\n<\/table>\n<p><strong>Grupa zielona<\/strong><\/p>\n<table border=\"0\" frame=\"box\" rules=\"all\">\n<tbody>\n<tr>\n<td>\n<p>Data<br \/>odbycia<br \/>wycieczki<\/p>\n<\/td>\n<td>Trasa wycieczki<\/td>\n<td>Nr grupy<br \/>g\u00f3rskiej<br \/>wg reg. GOT<\/td>\n<td>Punkt\u00f3w<br \/>wg reg.<br \/>GOT<\/td>\n<td>Czy<br \/>przodownik<br \/>by\u0142 obecny<\/td>\n<td>Podpis i nr legitymacji<br \/>przodownika turystyki<br \/>g\u00f3rskiej<\/td>\n<\/tr>\n<tr>\n<td>13.06.2015<\/td>\n<td>Prze\u0142\u0119cz Puchacz\u00f3wka-Rozdro\u017ce pod Lesie\u0144cem<\/td>\n<td>S16<\/td>\n<td>4<\/td>\n<td>nie<\/td>\n<td><\/td>\n<\/tr>\n<tr>\n<td>13.06.2015<\/td>\n<td>Rozdro\u017ce pod Lesie\u0144cem-Igliczna<\/td>\n<td>S16<\/td>\n<td>5<\/td>\n<td>nie<\/td>\n<td><\/td>\n<\/tr>\n<tr>\n<td>13.06.2015<\/td>\n<td>Igliczna-Mi\u0119dzyg\u00f3rze<\/td>\n<td>S16<\/td>\n<td>4<\/td>\n<td>nie<\/td>\n<td><\/td>\n<\/tr>\n<\/tbody>\n<\/table>\n","protected":false},"excerpt":{"rendered":"<p>Ostatnie przedwakacyjne w\u0119drowanie grupy pani Ireny Caryk i Janka Oko\u0144skiego ze szko\u0142y podstawowej nr 7, wzmocniona Gwarkami i dziewczynami z PTTK K\u0142odzko(\u0142acznie 34 osoby). Rajd podzielony zosta\u0142 na 2 grupy &#8211; umownie zwane &#8222;Zielona&#8221; i &#8222;Niebieska&#8221; 13 czerwca 2015 r. rozpocz\u0119li\u015bmy na Prze\u0142\u0119czy Puchacz\u00f3wka 864 m. n.p.m., oddzielajaca Pasmo G\u00f3r Krowiarek od Masywu \u015anie\u017cnika. Po [&hellip;]<\/p>\n","protected":false},"author":141,"featured_media":0,"comment_status":"closed","ping_status":"closed","sticky":false,"template":"","format":"standard","meta":{"ngg_post_thumbnail":0,"footnotes":""},"categories":[],"tags":[],"class_list":["post-3376","post","type-post","status-publish","format-standard","hentry"],"_links":{"self":[{"href":"https:\/\/kolo-nowaruda.klodzko.pttk.pl\/index.php\/wp-json\/wp\/v2\/posts\/3376","targetHints":{"allow":["GET"]}}],"collection":[{"href":"https:\/\/kolo-nowaruda.klodzko.pttk.pl\/index.php\/wp-json\/wp\/v2\/posts"}],"about":[{"href":"https:\/\/kolo-nowaruda.klodzko.pttk.pl\/index.php\/wp-json\/wp\/v2\/types\/post"}],"author":[{"embeddable":true,"href":"https:\/\/kolo-nowaruda.klodzko.pttk.pl\/index.php\/wp-json\/wp\/v2\/users\/141"}],"replies":[{"embeddable":true,"href":"https:\/\/kolo-nowaruda.klodzko.pttk.pl\/index.php\/wp-json\/wp\/v2\/comments?post=3376"}],"version-history":[{"count":0,"href":"https:\/\/kolo-nowaruda.klodzko.pttk.pl\/index.php\/wp-json\/wp\/v2\/posts\/3376\/revisions"}],"wp:attachment":[{"href":"https:\/\/kolo-nowaruda.klodzko.pttk.pl\/index.php\/wp-json\/wp\/v2\/media?parent=3376"}],"wp:term":[{"taxonomy":"category","embeddable":true,"href":"https:\/\/kolo-nowaruda.klodzko.pttk.pl\/index.php\/wp-json\/wp\/v2\/categories?post=3376"},{"taxonomy":"post_tag","embeddable":true,"href":"https:\/\/kolo-nowaruda.klodzko.pttk.pl\/index.php\/wp-json\/wp\/v2\/tags?post=3376"}],"curies":[{"name":"wp","href":"https:\/\/api.w.org\/{rel}","templated":true}]}}