{"id":3386,"date":"2015-09-27T00:00:00","date_gmt":"2015-09-26T22:00:00","guid":{"rendered":""},"modified":"-0001-11-30T00:00:00","modified_gmt":"-0001-11-29T22:00:00","slug":"gss-czviii-wrocilismy-do-domu-noworudzcy-gwarkowie-na-szlaku-gss-po-raz-osmy","status":"publish","type":"post","link":"https:\/\/kolo-nowaruda.klodzko.pttk.pl\/index.php\/2015\/09\/27\/gss-czviii-wrocilismy-do-domu-noworudzcy-gwarkowie-na-szlaku-gss-po-raz-osmy\/","title":{"rendered":"<img src=\"images\/stories\/szlak_czerwony.png\"> (cz.VIII) Wr\u00f3cili\u015bmy do domu! &#8211; Noworudzcy gwarkowie na szlaku GSS po raz \u00f3smy."},"content":{"rendered":"<p>W niedziel\u0119, 27 wrze\u015bnia 2015r. niestrudzona grupa w\u0119drowc\u00f3w na G\u0142\u00f3wnym Szlaku Sudeckim pokona\u0142a bardzo wa\u017cny odcinek drogi. Po dw\u00f3ch latach w\u0119drowania po sudeckim szlaku wreszcie doszli\u015bmy do domu!<\/p>\n<p>Grup\u0119 logistycznie prowadzi\u0142 kol. Witek Telus, wsparcia merytorycznego udziela\u0142 Honorowy Przodownik Turystyki G\u00f3rskiej, kol. Czes\u0142aw Dominas.<\/p>\n<p>Pogoda raczej nam sprzyja\u0142a, ukazujac czasem ciep\u0142e, s\u0142oneczne oblicze, a czasem nieco pochmurne niebo. Na szcz\u0119\u015bcie niskie, szare chmury nie da\u0142y \u017cadnych opad\u00f3w, wi\u0119c w\u0119drowa\u0142o si\u0119 zupe\u0142nie spokojnie.<\/p>\n<p>Trasa rozpocz\u0119\u0142a si\u0119 tam, gdzie zako\u0144czyli\u015bmy ja ostatnio &#8211; przy drogowskazie na Prze\u0142\u0119czy Srebrnej. Pow\u0119drowali\u015bmy najpierw nieco inaczej &#8211; w kierunku tzw. &#8222;czerwonego mostu&#8221; &#8211; unikatowego zabytku techniki kolejowej. Wiadukt by\u0142 kiedy\u015b elementem tzw. &#8222;kolejki sowiog\u00f3rskiej&#8221;, kt\u00f3ra a\u017c do lat 30. XX wieku s\u0142u\u017cy\u0142a do transportu ludzi i towar\u00f3w (g\u0142\u00f3wnie w\u0119gla) z okolic Nowej Rudy w kierunku Przedg\u00f3rza Sudeckiego. Ciekawostka jest fakt, \u017ce odcinek pokonujacy G\u00f3ry Sowie, z uwagi na znaczna r\u00f3\u017cnic\u0119 wzniesie\u0144, by\u0142 zaopatrzony w trzecia, z\u0119bata szyn\u0119, kt\u00f3ra dawa\u0142a dodatkowe oparcie dla specyficznej lokomotywy.<\/p>\n<p>Po zwiedzeniu mostu przeszli\u015bmy jeszcze kawa\u0142ek wzd\u0142u\u017c dawnej trasy kolejki, aby podziwia\u0107 osuwisko skalne i unikatowa granic\u0119 geologiczna G\u00f3r Sowich, zbudowanych g\u0142\u00f3wnie z warstwicowych gnejs\u00f3w i G\u00f3r Bardzkich, w kt\u00f3rych dominuja szarog\u0142azy. Pamiatkowe zdj\u0119cie na osuwisku i powr\u00f3t na czerwony szlak.<\/p>\n<p>Dalsza droga prowadzi\u0142a w kierunku w\u0142a\u015bciwej Prze\u0142\u0119czy Srebrnej, przy kt\u00f3rej zbudowano drewniany most nad dawna stacja Srebrna G\u00f3ra Forty. Za mostem w\u0119drowali\u015bmy wygodnie le\u015bna droga, podziwiajac coraz pi\u0119kniejsze widoki umocnie\u0144 Twierdzy Srebrnog\u00f3rskiej. Po drodze niekt\u00f3rym z nas uda\u0142o si\u0119 &#8222;upolowa\u0107&#8221; nieliczne w tym sezonie grzyby &#8211; g\u0142\u00f3wnie czubajki kanie.<\/p>\n<p>Szlak czerwony wijac si\u0119 le\u015bnymi dolinami stopniowo doprowadzi\u0142 nas do le\u015bnicz\u00f3wki w Czerwie\u0144czycach, gdzie czujne oko fotografa &#8211; kol. Edwarda Lady &#8211; wy\u0142owi\u0142o stanowisko dojrza\u0142ych, soczystych, ale strasznie cierpkich tarnin. Warto zatem wiedzie\u0107, \u017ce \u015bliwa tarnina powinna by\u0107 zbierana dopiero po przymrozkach.<\/p>\n<p>Od Czerwie\u0144czyc w\u0119dr\u00f3wka prowadzi\u0142a przez centrum wsi, a nast\u0119pnie droga polna w kierunku osady D\u0119b\u00f3wka (przysi\u00f3\u0142ek Dzikowca). Po drodze kr\u00f3tki post\u00f3j przy uj\u0119ciu i przepompowni wody (i hurra! &#8211; ma\u015blaki!) i dalej w g\u00f3r\u0119 &#8211; do szosy Dzikowiec-Koszyn. Przy szosie pierwsze oznaki intensywnego rozwoju Kopalni Surowc\u00f3w Skalnych &#8222;Gabro&#8221; &#8211; nowo tworzone podej\u015bcie do z\u0142o\u017ca. Najwyra\u017aniej aktualny przebieg szlaku b\u0119dzie musia\u0142 ulec zmianie, bo spora cz\u0119\u015b\u0107 Garbu Dzikowca b\u0119dzie zaj\u0119ta przez zak\u0142ad g\u00f3rniczy. Dobitnie \u015bwiadczy\u0142y o tym liczne tablice ostrzegawcze &#8211; czas strza\u0142\u00f3w, strefa rozrzutu kamienia itp.<\/p>\n<p>Na szczycie Garbu Dzikowca chwila wytchnienia &#8211; ognisko (pali\u0142o si\u0119 \u015bwietnie), kie\u0142baski itd. &#8211; i dalej w drog\u0119, kluczac \u015bcie\u017ckami przez wyrobisko kamienio\u0142omu. Po drodze lekko przykurzone, ale bardzo s\u0142odkie mirabelki. To pozosta\u0142o\u015bci dawnych sad\u00f3w, kt\u00f3re ros\u0142y blisko istniejacych tu niegdy\u015b dom\u00f3w. Obecnie ten obszar zosta\u0142 mocno zmieniony przez przemys\u0142 wydobywczy, a przebywanie tu w dni robocze jest najwyra\u017aniej mocno niewskazane. Trzeba b\u0119dzie co\u015b z tym zrobi\u0107.<\/p>\n<p>Ostatnie metry to ju\u017c zej\u015bcie do S\u0142upca ulica Ugory, do ul. Kwiatkowskiego. Po drodze drogowskaz &#8211; nie wiadomo w\u0142a\u015bciwie dlaczego akurat na ul. Kwiatkowskiego? Czy S\u0142upiec nie ma lepszej lokalizacji na taka informacj\u0119? &#8211; przystanek cho\u0107by? Sadz\u0119, \u017ce i to trzeba zmieni\u0107.<\/p>\n<p>Na przystanek w centrum S\u0142upca dotarli\u015bmy ju\u017c po godzinie 15:00, skad odebra\u0142 nas zam\u00f3wiony wcze\u015bniej transport.<\/p>\n<p>Wszystkim uczestnikom serdecznie dzi\u0119kuj\u0119 za mi\u0142a atmosfer\u0119. Nowych cz\u0142onk\u00f3w Ko\u0142a witam serdecznie i ju\u017c dzi\u015b wszystkich zapraszam na nasze kolejne wyprawy, nie tylko po G\u0142\u00f3wnym Szlaku Sudeckim. Przed nami &#8222;Kartofelek&#8221; w Bardzie, potem spacer po Broumovie i kolejne etapy GSS. Nast\u0119pny odcinek to trasa ze S\u0142upca do Wambierzyc, przez Wzg\u00f3rza W\u0142odzickie i Wzg\u00f3rza \u015acinawskie.<\/p>\n<p>Do zobaczenia na szlaku!<\/p>\n<p><strong>Wz\u00f3r wype\u0142nienia ksia\u017ceczki GOT:<\/strong><\/p>\n<table border=\"0\" frame=\"box\" rules=\"all\">\n<tbody>\n<tr>\n<td>\n<p>Data<br \/>odbycia<br \/>wycieczki<\/p>\n<\/td>\n<td>Trasa wycieczki<\/td>\n<td>Nr grupy<br \/>g\u00f3rskiej<br \/>wg reg. GOT<\/td>\n<td>Punkt\u00f3w<br \/>wg reg.<br \/>GOT<\/td>\n<td>Czy<br \/>przodownik<br \/>by\u0142 obecny<\/td>\n<td>Podpis i nr legitymacji<br \/>przodownika turystyki<br \/>g\u00f3rskiej<\/td>\n<\/tr>\n<tr>\n<td>27.09.2015r.<\/td>\n<td>Prze\u0142\u0119cz Srebrna-Czerwie\u0144czyce<br \/>(5 km)<\/td>\n<td>S.12<\/td>\n<td>5<\/td>\n<td>tak<\/td>\n<td><\/td>\n<\/tr>\n<tr>\n<td>27.09.2015r.<\/td>\n<td>Czerwie\u0144czyce-Przykrzec<\/td>\n<td>S.11<\/td>\n<td>7<\/td>\n<td>tak<\/td>\n<td><\/td>\n<\/tr>\n<tr>\n<td>27.09.2015r.<\/td>\n<td>Przykrzec-S\u0142upiec<\/td>\n<td>S.11<\/td>\n<td>3<\/td>\n<td>tak<\/td>\n<td><\/td>\n<\/tr>\n<\/tbody>\n<\/table>\n","protected":false},"excerpt":{"rendered":"<p>W niedziel\u0119, 27 wrze\u015bnia 2015r. niestrudzona grupa w\u0119drowc\u00f3w na G\u0142\u00f3wnym Szlaku Sudeckim pokona\u0142a bardzo wa\u017cny odcinek drogi. Po dw\u00f3ch latach w\u0119drowania po sudeckim szlaku wreszcie doszli\u015bmy do domu! Grup\u0119 logistycznie prowadzi\u0142 kol. Witek Telus, wsparcia merytorycznego udziela\u0142 Honorowy Przodownik Turystyki G\u00f3rskiej, kol. Czes\u0142aw Dominas. Pogoda raczej nam sprzyja\u0142a, ukazujac czasem ciep\u0142e, s\u0142oneczne oblicze, a czasem [&hellip;]<\/p>\n","protected":false},"author":141,"featured_media":0,"comment_status":"closed","ping_status":"closed","sticky":false,"template":"","format":"standard","meta":{"ngg_post_thumbnail":0,"footnotes":""},"categories":[],"tags":[],"class_list":["post-3386","post","type-post","status-publish","format-standard","hentry"],"_links":{"self":[{"href":"https:\/\/kolo-nowaruda.klodzko.pttk.pl\/index.php\/wp-json\/wp\/v2\/posts\/3386","targetHints":{"allow":["GET"]}}],"collection":[{"href":"https:\/\/kolo-nowaruda.klodzko.pttk.pl\/index.php\/wp-json\/wp\/v2\/posts"}],"about":[{"href":"https:\/\/kolo-nowaruda.klodzko.pttk.pl\/index.php\/wp-json\/wp\/v2\/types\/post"}],"author":[{"embeddable":true,"href":"https:\/\/kolo-nowaruda.klodzko.pttk.pl\/index.php\/wp-json\/wp\/v2\/users\/141"}],"replies":[{"embeddable":true,"href":"https:\/\/kolo-nowaruda.klodzko.pttk.pl\/index.php\/wp-json\/wp\/v2\/comments?post=3386"}],"version-history":[{"count":0,"href":"https:\/\/kolo-nowaruda.klodzko.pttk.pl\/index.php\/wp-json\/wp\/v2\/posts\/3386\/revisions"}],"wp:attachment":[{"href":"https:\/\/kolo-nowaruda.klodzko.pttk.pl\/index.php\/wp-json\/wp\/v2\/media?parent=3386"}],"wp:term":[{"taxonomy":"category","embeddable":true,"href":"https:\/\/kolo-nowaruda.klodzko.pttk.pl\/index.php\/wp-json\/wp\/v2\/categories?post=3386"},{"taxonomy":"post_tag","embeddable":true,"href":"https:\/\/kolo-nowaruda.klodzko.pttk.pl\/index.php\/wp-json\/wp\/v2\/tags?post=3386"}],"curies":[{"name":"wp","href":"https:\/\/api.w.org\/{rel}","templated":true}]}}