{"id":3393,"date":"2015-11-11T00:00:00","date_gmt":"2015-11-10T22:00:00","guid":{"rendered":""},"modified":"-0001-11-30T00:00:00","modified_gmt":"-0001-11-29T22:00:00","slug":"krowki-we-mgle","status":"publish","type":"post","link":"https:\/\/kolo-nowaruda.klodzko.pttk.pl\/index.php\/2015\/11\/11\/krowki-we-mgle\/","title":{"rendered":"Kr\u00f3wki we mgle"},"content":{"rendered":"<p>11 listopada 2015r. noworudzcy gwarkowie wraz z dzie\u0107mi i m\u0142odzie\u017ca K\u00f3\u0142 SKKT ze Szko\u0142y Podstawowej nr 7 (pod opieka kol. Ireny Caryk i kol. Janka Oko\u0144skiego) oraz SKKT Gimnazjum nr 2 (pod opieka kol. Magdaleny Lichwy) wyruszyli na tras\u0119 II Rajdu Niepodleg\u0142o\u015bci.<\/p>\n<p>Mglisty dzie\u0144 przywita\u0142 nas na punkcie startowym &#8211; na w\u0119\u017ale szlak\u00f3w &#8222;Nowa Ruda&#8221;, obok stadionu na ul. Fredry. Naprawd\u0119 ilo\u015b\u0107 os\u00f3b ch\u0119tnych do turystycznego \u015bwi\u0119towania Dnia Niepodleg\u0142o\u015bci budzi\u0142a podziw. I ka\u017cdy z czym\u015b bia\u0142o-czerwonym!<\/p>\n<p>Pierwsze kroki to przej\u015bcie przez Osiedle Piastowskie, obok liceum i wy\u017cej, w stron\u0119 ogrod\u00f3w dzia\u0142kowych. Lekko \u015blizgowym krokiem powoli wspi\u0119li\u015bmy si\u0119 na skraj p\u00f3l uprawnych i \u0142ak na tzw. &#8222;Farnym Stoku&#8221;. Od samego poczatku towarzyszy\u0142y nam gro\u017anie wygladajace &#8222;zasieki&#8221; z drutu pod napi\u0119ciem, ograniczajace terytorium w\u0142a\u015bciciela tych nieruchomo\u015bci. W\u0142a\u015bciwa droga ci\u0119\u017cko zaro\u015bni\u0119ta chaszczami i krzakami zupe\u0142nie zgin\u0119\u0142a nam z oczu i &#8211; wida\u0107 nie jako pierwsi &#8211; ostro\u017cnie pow\u0119drowali\u015bmy \u015bcie\u017cka wydeptana skrajem pola. Tak w\u0119drujac dotarli\u015bmy do kapliczki pod Sokolim Garbem, gdzie przysz\u0142a pora na pierwszy powa\u017cniejszy odpoczynek. Potem niemi\u0142a niespodzianka w postaci zagrodzonego szlaku w stron\u0119 kraw\u0119dzi lasu. <strong>Mo\u017ce kto\u015b zrobi\u0142by tu porzadek?<\/strong>. Kompletny <strong>brak oznakowania<\/strong>, zasieki pod napi\u0119ciem, <strong>przegrodzone przej\u015bcia<\/strong> &#8211; to bardzo utrudnia w\u0119dr\u00f3wk\u0119 i denerwuje turyst\u00f3w.<\/p>\n<p>Gdyby nie niezawodna nawigacja GPS pewnie utkn\u0119liby\u015bmy w b\u0142ocie, ale tak &#8211; manewrujac mi\u0119dzy drutami i kamieniami &#8211; dotarli\u015bmy wreszcie do repera na wzg\u00f3rzu 611. <strong>Dalej bez \u017cadnego oznakowania<\/strong> w\u0119drowali\u015bmy przez grzbiet Wzg\u00f3rz W\u0142odzickich, mijajac stada kr\u00f3w i &#8222;\u0142owiac&#8221; chwilowe &#8222;dziury w chmurach&#8221; napawali\u015bmy si\u0119 mglistym widokiem pobliskich osad i wzg\u00f3rz. Dopiero w okolicach Kr\u0119pca oznakowanie si\u0119 pojawi\u0142o i mo\u017cna by\u0142o i\u015b\u0107 nieco spokojniej. Praktycznie a\u017c do &#8222;drzewa wisielc\u00f3w&#8221;, czyli kapliczki na Pisztyku, sz\u0142o si\u0119 ca\u0142kiem dobrze.<\/p>\n<p>Nieco problem\u00f3w pojawi\u0142o si\u0119 przy zej\u015bciu z polnej drogi w stron\u0119 lasu na zboczu W\u0142odzickiej G\u00f3ry (zn\u00f3w te zasieki pod napi\u0119ciem!). Mo\u017cna by\u0142o odetchna\u0107 od pradu i drutu dopiero w lesie. Na szcz\u0119\u015bcie punkt odpoczynkowy pod W\u0142odzicka G\u00f3ra pojawi\u0142 si\u0119 w sama por\u0119. I tak oto pojawi\u0142o si\u0119 ognisko i kr\u00f3wki od kol. Beaty (<strong>wszystkiego najlepszego!!!<\/strong>).<\/p>\n<p>Po odpoczynku dalej w g\u00f3r\u0119 &#8211; na krzy\u017c z 2009 roku i do ruin wie\u017cy widokowej. Pamiatkowe zdj\u0119cie na tle wie\u017cy (#polskawruinie) i nieco stromo w d\u00f3\u0142 do rozdro\u017ca pod wie\u017ca. Na rozdro\u017cu wej\u015bcie na szlak czerwony w stron\u0119 wsi i tu niemi\u0142a niespodzianka. <strong>Poniszczono sporo oznakowania szlaku czerwonego &#8211; mo\u017ce kto\u015b powinien co\u015b z tym zrobi\u0107, \u017ceby tury\u015bci si\u0119 nie gubili?<\/strong> Dopiero przy samej wsi trafili\u015bmy na oznakowanie i akurat na pierwszych biegaczy z Biegu o Puchar W\u00f3jta Gminy Nowa Ruda. Spontaniczny doping dla sporej grupy zawodnik\u00f3w i wreszcie szybki marsz na met\u0119 tak naszego rajdu jak i biegu. Co za synchronizacja &#8211; trafili\u015bmy niemal idealnie na moment, gdy do mety dotar\u0142a nasza Pani Prezes, kol. El\u017cbieta Biskiewicz, startujaca w barwach USKS Ludwikowice. Brawo za wytrwa\u0142o\u015b\u0107!!!<\/p>\n<p>Po po\u0142udniu przysz\u0142a pora na powr\u00f3t do domu.<\/p>\n<p>Wszystkim uczestnikom serdecznie dzi\u0119kujemy!<\/p>\n<p><strong>Wz\u00f3r wype\u0142nienia ksia\u017ceczki GOT:<\/strong><\/p>\n<table border=\"0\" frame=\"box\" rules=\"all\">\n<tbody>\n<tr>\n<td>\n<p>Data<br \/>odbycia<br \/>wycieczki<\/p>\n<\/td>\n<td>Trasa wycieczki<\/td>\n<td>Nr grupy<br \/>g\u00f3rskiej<br \/>wg reg. GOT<\/td>\n<td>Punkt\u00f3w<br \/>wg reg.<br \/>GOT<\/td>\n<td>Czy<br \/>przodownik<br \/>by\u0142 obecny<\/td>\n<td>Podpis i nr legitymacji<br \/>przodownika turystyki<br \/>g\u00f3rskiej<\/td>\n<\/tr>\n<tr>\n<td>11.11.2015<\/td>\n<td>Nowa Ruda-Kr\u0119piec<\/td>\n<td>S.11<\/td>\n<td>5<\/td>\n<td>tak<\/td>\n<td><\/td>\n<\/tr>\n<tr>\n<td>11.11.2015<\/td>\n<td>Kr\u0119piec-W\u0142odzicka G\u00f3ra<\/td>\n<td>S.11<\/td>\n<td>6<\/td>\n<td>tak<\/td>\n<td><\/td>\n<\/tr>\n<tr>\n<td>11.11.2015<\/td>\n<td>W\u0142odzicka G\u00f3ra-\u015awierki<\/td>\n<td>S.11<\/td>\n<td>1<\/td>\n<td>tak<\/td>\n<td><\/td>\n<\/tr>\n<\/tbody>\n<\/table>\n","protected":false},"excerpt":{"rendered":"<p>11 listopada 2015r. noworudzcy gwarkowie wraz z dzie\u0107mi i m\u0142odzie\u017ca K\u00f3\u0142 SKKT ze Szko\u0142y Podstawowej nr 7 (pod opieka kol. Ireny Caryk i kol. Janka Oko\u0144skiego) oraz SKKT Gimnazjum nr 2 (pod opieka kol. Magdaleny Lichwy) wyruszyli na tras\u0119 II Rajdu Niepodleg\u0142o\u015bci. Mglisty dzie\u0144 przywita\u0142 nas na punkcie startowym &#8211; na w\u0119\u017ale szlak\u00f3w &#8222;Nowa Ruda&#8221;, [&hellip;]<\/p>\n","protected":false},"author":141,"featured_media":0,"comment_status":"closed","ping_status":"closed","sticky":false,"template":"","format":"standard","meta":{"ngg_post_thumbnail":0,"footnotes":""},"categories":[],"tags":[],"class_list":["post-3393","post","type-post","status-publish","format-standard","hentry"],"_links":{"self":[{"href":"https:\/\/kolo-nowaruda.klodzko.pttk.pl\/index.php\/wp-json\/wp\/v2\/posts\/3393","targetHints":{"allow":["GET"]}}],"collection":[{"href":"https:\/\/kolo-nowaruda.klodzko.pttk.pl\/index.php\/wp-json\/wp\/v2\/posts"}],"about":[{"href":"https:\/\/kolo-nowaruda.klodzko.pttk.pl\/index.php\/wp-json\/wp\/v2\/types\/post"}],"author":[{"embeddable":true,"href":"https:\/\/kolo-nowaruda.klodzko.pttk.pl\/index.php\/wp-json\/wp\/v2\/users\/141"}],"replies":[{"embeddable":true,"href":"https:\/\/kolo-nowaruda.klodzko.pttk.pl\/index.php\/wp-json\/wp\/v2\/comments?post=3393"}],"version-history":[{"count":0,"href":"https:\/\/kolo-nowaruda.klodzko.pttk.pl\/index.php\/wp-json\/wp\/v2\/posts\/3393\/revisions"}],"wp:attachment":[{"href":"https:\/\/kolo-nowaruda.klodzko.pttk.pl\/index.php\/wp-json\/wp\/v2\/media?parent=3393"}],"wp:term":[{"taxonomy":"category","embeddable":true,"href":"https:\/\/kolo-nowaruda.klodzko.pttk.pl\/index.php\/wp-json\/wp\/v2\/categories?post=3393"},{"taxonomy":"post_tag","embeddable":true,"href":"https:\/\/kolo-nowaruda.klodzko.pttk.pl\/index.php\/wp-json\/wp\/v2\/tags?post=3393"}],"curies":[{"name":"wp","href":"https:\/\/api.w.org\/{rel}","templated":true}]}}