{"id":3395,"date":"2015-12-05T00:00:00","date_gmt":"2015-12-04T22:00:00","guid":{"rendered":""},"modified":"-0001-11-30T00:00:00","modified_gmt":"-0001-11-29T22:00:00","slug":"wielkie-swietowanie-w-przygorzu-ii-rajd-barborkowy","status":"publish","type":"post","link":"https:\/\/kolo-nowaruda.klodzko.pttk.pl\/index.php\/2015\/12\/05\/wielkie-swietowanie-w-przygorzu-ii-rajd-barborkowy\/","title":{"rendered":"Wielkie \u015bwi\u0119towanie w Przyg\u00f3rzu &#8211; II Rajd Barb\u00f3rkowy"},"content":{"rendered":"<p>Ch\u0142odna, ale zadziwiajaco s\u0142oneczna sobota, 5 grudnia 2015r. to okazja na nasze &#8222;gwarkowe&#8221; \u015bwi\u0119to. Wraz z macierzystym Oddzia\u0142em &#8222;Ziemi K\u0142odzkiej&#8221; w K\u0142odzku, zaprzyja\u017anionym Ko\u0142em PTTK z Dusznik Zdroju oraz z licznymi grupami m\u0142odzie\u017cowymi SKKT (SP nr 7 z Nowej Rudy, SP z W\u0142odowic i SP z \u017belazna), pod kierunkiem kol. Czes\u0142awa Dominasa wyruszyli\u015bmy na nowy &#8222;Szlak Trudu G\u00f3rniczego&#8221;, \u0142aczacy Nowa Rud\u0119 z Przyg\u00f3rzem i Prze\u0142\u0119cza Woliborska.<\/p>\n<p>Zebranych na placu przy stacji kolejowej &#8222;Nowa Ruda&#8221; uroczy\u015bcie przywita\u0142a Prezes Ko\u0142a &#8211; kol. El\u017cbieta Bisikiewicz. Rozdano znaczki rajdowe i ruszyli\u015bmy w tras\u0119. Najpierw stopniowo zag\u0142\u0119biali\u015bmy si\u0119 w stare uliczki miasta, mijajac Ko\u015bci\u00f3\u0142 Parafialny pw. \u015bw. Miko\u0142aja i Rynek. Potem dawny pa\u0142ac Stillfried\u00f3w przy ul. Pi\u0142sudskiego, Most Zamkowy i dawny &#8222;Hotel Monopol&#8221; u zbiegu ulic: Podjazdowej, Kr\u00f3lowej Jadwigi i Pi\u0142sudskiego. Dalej do mostu nad Woliborka i skr\u0119t w waska \u015bcie\u017ck\u0119 nad brzegiem potoku i wspinaczka do dawnej &#8222;\u015bcie\u017cki katowskiej&#8221;. Chwila oddechu nieopodal &#8222;Bia\u0142ego Mostu&#8221; (z widokiem na &#8222;Czarny Most&#8221;) i wej\u015bcie na zbocze Rudej G\u00f3ry (516m). Na dawnym miejscu strace\u0144 d\u0142u\u017cszy post\u00f3j i podziwianie widok\u00f3w okolicznych wzg\u00f3rz.<\/p>\n<p>Z uwagi na prowadzone prace rekultywacyjne przewodnik nie zdecydowa\u0142 si\u0119 na wej\u015bcie na nowy punkt widokowy &#8222;Stara Ha\u0142da&#8221; &#8211; by\u0142oby to zbyt niebezpieczne. Zdecydowano o zmianie trasy wycieczki i zej\u015bcie ul. Fabryczna i Nowa do ul. Pi\u0142sudskiego. Pow\u0119drowali\u015bmy zatem wzd\u0142u\u017c biegu W\u0142odzicy a\u017c do Kopalni Turystycznej, gdzie, w towarzystwie pracownik\u00f3w muzeum, uda\u0142o si\u0119 zapali\u0107 symboliczny znicz ku pami\u0119ci tych, kt\u00f3rzy oddali \u017cycie pod ziemia.<\/p>\n<p>Przy muzeum ponownie weszli\u015bmy na czarny szlak i poszli\u015bmy dalej ul. G\u00f3rnicza, w kierunku dawnego Stadionu G\u00f3rniczego (echa sn\u00f3w o pot\u0119dze pi\u0142karskiej naszego &#8222;Piasta&#8221;). Szlakiem okra\u017cyli\u015bmy stadion i dotarli\u015bmy do skraju \u0142aki. Lekko \u015blizgajac si\u0119 po mokrej trawie dotarli\u015bmy do ogrod\u00f3w dzia\u0142kowych przy ul. \u0141akowej. Aleja w g\u00f3r\u0119 powoli dotarli\u015bmy do przej\u015bcia dla pieszych przez Obwodnic\u0119 i ruszyli\u015bmy ku doskonale widocznemu mostowi kolejowemu na Zatorzu (dawny &#8222;most na zapa\u0142kach&#8221;). Przy mo\u015bcie fascynujaca historia od znawc\u00f3w kolejnictwa i historii regionalnej i dalej w drog\u0119 &#8211; ku granicy Nowej Rudy.<\/p>\n<p>Zaraz za granica miasta skr\u0119t w lewo &#8211; na le\u015bne \u015bcie\u017cki bezimiennego pasma wzniesie\u0144 mi\u0119dzy Jugowem, Przyg\u00f3rzem i Nowa Ruda (a mo\u017ce nazwa\u0107 je &#8222;Wzg\u00f3rzami Gwark\u00f3w&#8221;?). Troch\u0119 odpoczynku na skraju lasu i dalej w kierunku styku Jugowa i Przyg\u00f3rza. W ko\u0144cu dotarli\u015bmy w okolic\u0119 dawnych szyb\u00f3w kopalnianych w Przyg\u00f3rzu, gdzie kol. Edward Lada opowiedzia\u0142 nam o dawnych dziejach gwarectwa rud \u017celaza, niklu i kobaltu oraz gwarectwa w\u0119glowego.<\/p>\n<p>Po po\u0142udniu dotarli\u015bmy do \u015bwietlicy wiejskiej, gdzie wr\u0119cz po staropolsku wita\u0142 wszystkich Pan Antoni Puka\u0142a &#8211; so\u0142tys wsi Przyg\u00f3rze i Radny Rady Gminy Nowa Ruda. Niekwestionowany lider lokalnej spo\u0142eczno\u015bci i wzorcowy gospodarz. To dzi\u0119ki jego uprzejmo\u015bci nasza grupa mog\u0142a skorzysta\u0107 z go\u015bciny w przepi\u0119knej, ciep\u0142ej i czystej sali wiejskiej.<\/p>\n<p>Na sali odby\u0142a si\u0119 oficjalna cz\u0119\u015b\u0107 Rajdu &#8211; przywitanie uczestnik\u00f3w, przem\u00f3wienie Prezesa Oddzia\u0142u &#8222;Ziemi K\u0142odzkiej&#8221;, kol. Marka Krzana oraz uroczyste wr\u0119czenie Tytu\u0142u &#8222;Przyjaciel Ko\u0142a&#8221;:<\/p>\n<p>&#8211; Panu Antoniemu Pukale, so\u0142tysowi wsi Przyg\u00f3rze za go\u015bcin\u0119 i promocj\u0119 turystyczna wsi<br \/>&#8211; Panu Jaros\u0142awowi Mieczkowskiemu za wsparcie idei rozwoju infrastruktury turystycznej<br \/>&#8211; Panu mgr Leonowi Ronowskiemu za prac\u0119 w\u0142o\u017cona w ratowanie dziedzictwa kulturowego<br \/>&#8211; Panu Andrzejowi Kopaczowi, w\u0142a\u015bcicielowi firmy &#8222;Kopacz Reklamy&#8221; za wsparcie dzia\u0142a\u0144 Ko\u0142a od strony wizualnej i promocyjnej<\/p>\n<p>Potem konkursy wiedzowe, sprawno\u015bciowe i artystyczne &#8211; malowanie w\u0119glem, rzut do tarczy, wy\u015bcig z w\u0119glem i wiele innych.<\/p>\n<p>Najm\u0142odsi uczestnicy zostali uroczy\u015bcie pasowani na &#8222;Gwark\u00f3w M\u0142odszych&#8221; i otrzymali pamiatkowe Legitymacje.<\/p>\n<p>Najwi\u0119cej emocji wzbudzi\u0142a ceremonia nagradzania laureat\u00f3w konkurs\u00f3w oraz moment rozstrzygni\u0119cia losowania nagr\u00f3d specjalnych.<\/p>\n<p>Pod wiecz\u00f3r uczestnik\u00f3w do Nowej Rudy odwioz\u0142y autokary z firmy &#8222;SmileBus&#8221; pana Paw\u0142a Gorczycy.<\/p>\n<p>Wszystkim uczestnikom serdecznie dzi\u0119kujemy za udzia\u0142. Koledze Czes\u0142awowi Dominasowi szczerze gratulujemy opanowania i dzi\u0119kujemy za konsekwentne dbanie o bezpiecze\u0144stwo uczestnik\u00f3w Rajdu.<br \/>Naszym przyjacio\u0142om dzi\u0119kujemy za wsparcie, jakiego nam wcia\u017c udzielaja.<\/p>\n<p>Poniewa\u017c jak wiadomo u &#8222;Gwark\u00f3w&#8221; sezon nigdy si\u0119 nie ko\u0144czy &#8211; ju\u017c dzi\u015b zapraszamy na nasze kolejne wycieczki od stycznia 2016r!<\/p>\n<p><strong>Wz\u00f3r wype\u0142nienia ksia\u017ceczki GOT:<\/strong><\/p>\n<table border=\"0\" frame=\"box\" rules=\"all\">\n<tbody>\n<tr>\n<td>\n<p>Data<br \/>odbycia<br \/>wycieczki<\/p>\n<\/td>\n<td>Trasa wycieczki<\/td>\n<td>Nr grupy<br \/>g\u00f3rskiej<br \/>wg reg. GOT<\/td>\n<td>Punkt\u00f3w<br \/>wg reg.<br \/>GOT<\/td>\n<td>Czy<br \/>przodownik<br \/>by\u0142 obecny<\/td>\n<td>Podpis i nr legitymacji<br \/>przodownika turystyki<br \/>g\u00f3rskiej<\/td>\n<\/tr>\n<tr>\n<td>02.12.2015<\/td>\n<td>Nowa Ruda-Przyg\u00f3rze<br \/>(9 km, 200m.)<\/td>\n<td>S.11<\/td>\n<td>11<\/td>\n<td>tak<\/td>\n<td><\/td>\n<\/tr>\n<\/tbody>\n<\/table>\n","protected":false},"excerpt":{"rendered":"<p>Ch\u0142odna, ale zadziwiajaco s\u0142oneczna sobota, 5 grudnia 2015r. to okazja na nasze &#8222;gwarkowe&#8221; \u015bwi\u0119to. Wraz z macierzystym Oddzia\u0142em &#8222;Ziemi K\u0142odzkiej&#8221; w K\u0142odzku, zaprzyja\u017anionym Ko\u0142em PTTK z Dusznik Zdroju oraz z licznymi grupami m\u0142odzie\u017cowymi SKKT (SP nr 7 z Nowej Rudy, SP z W\u0142odowic i SP z \u017belazna), pod kierunkiem kol. Czes\u0142awa Dominasa wyruszyli\u015bmy na nowy [&hellip;]<\/p>\n","protected":false},"author":141,"featured_media":0,"comment_status":"closed","ping_status":"closed","sticky":false,"template":"","format":"standard","meta":{"ngg_post_thumbnail":0,"footnotes":""},"categories":[],"tags":[],"class_list":["post-3395","post","type-post","status-publish","format-standard","hentry"],"_links":{"self":[{"href":"https:\/\/kolo-nowaruda.klodzko.pttk.pl\/index.php\/wp-json\/wp\/v2\/posts\/3395","targetHints":{"allow":["GET"]}}],"collection":[{"href":"https:\/\/kolo-nowaruda.klodzko.pttk.pl\/index.php\/wp-json\/wp\/v2\/posts"}],"about":[{"href":"https:\/\/kolo-nowaruda.klodzko.pttk.pl\/index.php\/wp-json\/wp\/v2\/types\/post"}],"author":[{"embeddable":true,"href":"https:\/\/kolo-nowaruda.klodzko.pttk.pl\/index.php\/wp-json\/wp\/v2\/users\/141"}],"replies":[{"embeddable":true,"href":"https:\/\/kolo-nowaruda.klodzko.pttk.pl\/index.php\/wp-json\/wp\/v2\/comments?post=3395"}],"version-history":[{"count":0,"href":"https:\/\/kolo-nowaruda.klodzko.pttk.pl\/index.php\/wp-json\/wp\/v2\/posts\/3395\/revisions"}],"wp:attachment":[{"href":"https:\/\/kolo-nowaruda.klodzko.pttk.pl\/index.php\/wp-json\/wp\/v2\/media?parent=3395"}],"wp:term":[{"taxonomy":"category","embeddable":true,"href":"https:\/\/kolo-nowaruda.klodzko.pttk.pl\/index.php\/wp-json\/wp\/v2\/categories?post=3395"},{"taxonomy":"post_tag","embeddable":true,"href":"https:\/\/kolo-nowaruda.klodzko.pttk.pl\/index.php\/wp-json\/wp\/v2\/tags?post=3395"}],"curies":[{"name":"wp","href":"https:\/\/api.w.org\/{rel}","templated":true}]}}