{"id":3397,"date":"2016-01-15T00:00:00","date_gmt":"2016-01-14T22:00:00","guid":{"rendered":""},"modified":"-0001-11-30T00:00:00","modified_gmt":"-0001-11-29T22:00:00","slug":"noworoczne-spotkanie-w-klodzku","status":"publish","type":"post","link":"https:\/\/kolo-nowaruda.klodzko.pttk.pl\/index.php\/2016\/01\/15\/noworoczne-spotkanie-w-klodzku\/","title":{"rendered":"Noworoczne spotkanie w K\u0142odzku"},"content":{"rendered":"<p>Na dzie\u0144 15 stycznia 2016r. Zarzad Oddzia\u0142u PTTK &#8222;Ziemi K\u0142odzkiej&#8221; w K\u0142odzku zorganizowa\u0142 spotkanie noworoczne,na kt\u00f3re zostali zaproszeni przedstawiciele K\u00f3\u0142 PTTK dzia\u0142ajacych w tym Oddziale.<\/p>\n<p><em>(Cz.D.)<\/em> Z Ko\u0142a PTTK im. &#8222;Gwark\u00f3w Noworudzkich&#8221; zostali oddelegowani Przodownicy Turystyki G\u00f3rskiej: Edward Lada i Czes\u0142aw Dominas.<br \/>Przed wej\u015bciem do Domu Kultury w K\u0142odzku, gdzie odby\u0142o si\u0119 spotkanie, przyby\u0142ych witali: Prezes Oddzia\u0142u PTTK w K\u0142odzku Marek Krzan oraz Prezes Zarzadu Ko\u0142a PTTK w K\u0142odzku, Piotr Janowski. Po przywitaniu przez Prezes\u00f3w wszystkich uczestnik\u00f3w spotkania i kr\u00f3tkim przem\u00f3wieniu, delegaci zaprezentowali dokonania swoich K\u00f3\u0142 z ubieg\u0142ego roku. Pierwsze prezentowa\u0142o si\u0119 Ko\u0142o PTTK z K\u0142odzka, przedstawiajac zebranym swoja relacj\u0119 w formie elektronicznej. Nasze Ko\u0142o im. &#8222;Gwark\u00f3w Noworudzkich&#8221;\u00a0 przedstawi\u0142o swoja prezentacj\u0119. Bardzo ciekawe wystapienie mia\u0142o Ko\u0142o Przewodnik\u00f3w Sudeckich w K\u0142odzku, kt\u00f3re zilustrowa\u0142o zdj\u0119ciami wszystkie trasy, na kt\u00f3rych prowadzone by\u0142y niedawne szkolenia. Przewodnicy Sudeccy na zako\u0144czenie swojej prezentacji zaprosili pozosta\u0142ych do rozpocz\u0119cia bli\u017cszej wsp\u00f3\u0142pracy.<br \/>Ca\u0142e spotkanie odby\u0142o si\u0119 w mi\u0142ej atmosferze, a i ciastka i kawy &#8211; rzecz jasna &#8211; nie zabrak\u0142o.<\/p>\n","protected":false},"excerpt":{"rendered":"<p>Na dzie\u0144 15 stycznia 2016r. Zarzad Oddzia\u0142u PTTK &#8222;Ziemi K\u0142odzkiej&#8221; w K\u0142odzku zorganizowa\u0142 spotkanie noworoczne,na kt\u00f3re zostali zaproszeni przedstawiciele K\u00f3\u0142 PTTK dzia\u0142ajacych w tym Oddziale. (Cz.D.) Z Ko\u0142a PTTK im. &#8222;Gwark\u00f3w Noworudzkich&#8221; zostali oddelegowani Przodownicy Turystyki G\u00f3rskiej: Edward Lada i Czes\u0142aw Dominas.Przed wej\u015bciem do Domu Kultury w K\u0142odzku, gdzie odby\u0142o si\u0119 spotkanie, przyby\u0142ych witali: Prezes [&hellip;]<\/p>\n","protected":false},"author":141,"featured_media":0,"comment_status":"closed","ping_status":"closed","sticky":false,"template":"","format":"standard","meta":{"ngg_post_thumbnail":0,"footnotes":""},"categories":[],"tags":[],"class_list":["post-3397","post","type-post","status-publish","format-standard","hentry"],"_links":{"self":[{"href":"https:\/\/kolo-nowaruda.klodzko.pttk.pl\/index.php\/wp-json\/wp\/v2\/posts\/3397","targetHints":{"allow":["GET"]}}],"collection":[{"href":"https:\/\/kolo-nowaruda.klodzko.pttk.pl\/index.php\/wp-json\/wp\/v2\/posts"}],"about":[{"href":"https:\/\/kolo-nowaruda.klodzko.pttk.pl\/index.php\/wp-json\/wp\/v2\/types\/post"}],"author":[{"embeddable":true,"href":"https:\/\/kolo-nowaruda.klodzko.pttk.pl\/index.php\/wp-json\/wp\/v2\/users\/141"}],"replies":[{"embeddable":true,"href":"https:\/\/kolo-nowaruda.klodzko.pttk.pl\/index.php\/wp-json\/wp\/v2\/comments?post=3397"}],"version-history":[{"count":0,"href":"https:\/\/kolo-nowaruda.klodzko.pttk.pl\/index.php\/wp-json\/wp\/v2\/posts\/3397\/revisions"}],"wp:attachment":[{"href":"https:\/\/kolo-nowaruda.klodzko.pttk.pl\/index.php\/wp-json\/wp\/v2\/media?parent=3397"}],"wp:term":[{"taxonomy":"category","embeddable":true,"href":"https:\/\/kolo-nowaruda.klodzko.pttk.pl\/index.php\/wp-json\/wp\/v2\/categories?post=3397"},{"taxonomy":"post_tag","embeddable":true,"href":"https:\/\/kolo-nowaruda.klodzko.pttk.pl\/index.php\/wp-json\/wp\/v2\/tags?post=3397"}],"curies":[{"name":"wp","href":"https:\/\/api.w.org\/{rel}","templated":true}]}}