{"id":3399,"date":"2016-01-23T00:00:00","date_gmt":"2016-01-22T22:00:00","guid":{"rendered":""},"modified":"-0001-11-30T00:00:00","modified_gmt":"-0001-11-29T22:00:00","slug":"ognisko-na-bis","status":"publish","type":"post","link":"https:\/\/kolo-nowaruda.klodzko.pttk.pl\/index.php\/2016\/01\/23\/ognisko-na-bis\/","title":{"rendered":"Ognisko na bis"},"content":{"rendered":"<p>Prze\u0142amanie pogody &#8211; na progu \u015bnie\u017cnej i mro\u017anej zimy i mokrego przedwio\u015bnia. W g\u00f3rach i pag\u00f3rkach wok\u00f3\u0142 Nowej Rudy pogoda panuje zawsze. Sobota, 23 stycznia 2016r. zatem by\u0142a jak najbardziej pogodna. W sam raz na kolejna wypraw\u0119 z ogniskiem na G\u00f3rze \u015bw. Anny. Tym razem prowadzi\u0142 nas Honorowy Przodownik Turystyki G\u00f3rskiej, kol. Czes\u0142aw Dominas<\/p>\n<p>Na starcie w\u0119dr\u00f3wki, pod centrum handlowym w S\u0142upcu powoli zbiera\u0142a si\u0119 grupka zapalonych w\u0119drowc\u00f3w, a\u017c wreszcie tu\u017c przed godzina 10:00 by\u0142o nas ju\u017c 17 os\u00f3b! Pod czujnym okiem kol. Czes\u0142awa pow\u0119drowali\u015bmy szlakiem czerwonym zakamarkami S\u0142upca, to jest ulica Sportowa, Akacjowa i Traugutta a\u017c do Ko\u015bcio\u0142a pw. \u015bw. Katarzyny. Tu przerwa na ciekawa histori\u0119 o z\u0142ym wilku, w wykonaniu przodownika Edwarda Lady. Potem w stron\u0119 starego parku, przez k\u0142adk\u0119 na Dziku i dalej w stron\u0119 ulicy Kwiatowej. Ostro\u017cnie przeszli\u015bmy do Osiedla Wary\u0144skiego ulica Chopina. Potem ul. Rycerska do ul. Broniewskiego, kt\u00f3ra to, zupe\u0142nie odnowiona, droga dotarli\u015bmy do w\u0119z\u0142a ze szlakiem &#8222;dwie wie\u017ce&#8221;. Kr\u00f3tki odpoczynek i dalej w drog\u0119 &#8211; szlakiem rowerowo-pieszym w kierunku kamienio\u0142omu &#8222;Piaskowiec Czerwony&#8221;, obok ma\u0142ej drewnianej wiaty z punktem widokowym (szkoda, \u017ce obficie sypiacy \u015bnieg i zamglenie mocno ogranicza\u0142y widoczno\u015b\u0107).<\/p>\n<p>My jednak, znajacy si\u0119 na rzeczy &#8211; pow\u0119drowali\u015bmy dwoma szlakami w kierunku ulicy Pionier\u00f3w. Trzeba przyzna\u0107, \u017ce w sypkim \u015bniegu podej\u015bcie robi si\u0119 do\u015b\u0107 wymagajace. Po drodze stada zimowych ptak\u00f3w (chyba gile), a kol. Edward Lada &#8222;upolowa\u0142&#8221; aparatem dorodne sikorki. Na ul. Pionier\u00f3w, pod &#8222;Stara Lipa&#8221; chwila odpoczynku i dalej w drog\u0119 &#8211; szlakiem zielonym &#8211; na szczyt G\u00f3ry \u015bw. Anny. Jak si\u0119 okazuje na ostatnim odcinku do\u0142aczy\u0142 si\u0119 do nas pan Zbyszek, mieszkaniec pobliskiego domu (pozdrawiamy!) razem z dwoma czworonogami.<\/p>\n<p>Na szczycie g\u00f3ry, obok wie\u017cy tradycyjne ognisko i r\u00f3wnie tradycyjna &#8211; powiedzmy sobie, herbatka&#8230; i kie\u0142baski. W ka\u017cdym razie droga powrotna by\u0142a ju\u017c zadziwiajaco lekka i \u015bpiewna. Tym razem stery przeja\u0142 kol. Edward Soja, tak wi\u0119c zeszli\u015bmy &#8222;bia\u0142ym szlakiem&#8221; wok\u00f3\u0142 Kr\u0119pca. Ko\u0144c\u00f3wka trasy to ju\u017c obowiazkowe zdj\u0119cie przy &#8222;Kamieniu Ferchego&#8221; i po g\u0142o\u015bnych po\u017cegnaniach kolejnych uczestnik\u00f3w dotarli\u015bmy wreszcie do Nowej Rudy.<\/p>\n<p>Dzi\u0119kujemy Wam za udzia\u0142 i zn\u00f3w zapraszamy na kolejne wyprawy z &#8222;Gwarkami&#8221;. Planowane nast\u0119pne wyj\u015bcie to &#8222;walentynkowy&#8221; spacer wok\u00f3\u0142 Polanicy Zdroju, ale co\u015b mi m\u00f3wi, \u017ce wcze\u015bniej te\u017c trafi si\u0119 okazja&#8230;<\/p>\n<p><strong>Wz\u00f3r wype\u0142nienia ksia\u017ceczki GOT:<\/strong><\/p>\n<table border=\"0\" frame=\"box\" rules=\"all\">\n<tbody>\n<tr>\n<td>\n<p>Data<br \/>odbycia<br \/>wycieczki<\/p>\n<\/td>\n<td>Trasa wycieczki<\/td>\n<td>Nr grupy<br \/>g\u00f3rskiej<br \/>wg reg. GOT<\/td>\n<td>Punkt\u00f3w<br \/>wg reg.<br \/>GOT<\/td>\n<td>Czy<br \/>przodownik<br \/>by\u0142 obecny<\/td>\n<td>Podpis i nr legitymacji<br \/>przodownika turystyki<br \/>g\u00f3rskiej<\/td>\n<\/tr>\n<tr>\n<td>2016.01.23<\/td>\n<td>S\u0142upiec-G\u00f3ra \u015bw. Anny<br \/>(9 km, 300m.)<\/td>\n<td>S.11<\/td>\n<td>11<\/td>\n<td>tak<\/td>\n<td><\/td>\n<\/tr>\n<tr>\n<td>2016.01.23<\/td>\n<td>G\u00f3ra \u015bw. Anny-Nowa Ruda<br \/>(3 km)<\/td>\n<td>S.11<\/td>\n<td>3<\/td>\n<td>tak<\/td>\n<td><\/td>\n<\/tr>\n<\/tbody>\n<\/table>\n","protected":false},"excerpt":{"rendered":"<p>Prze\u0142amanie pogody &#8211; na progu \u015bnie\u017cnej i mro\u017anej zimy i mokrego przedwio\u015bnia. W g\u00f3rach i pag\u00f3rkach wok\u00f3\u0142 Nowej Rudy pogoda panuje zawsze. Sobota, 23 stycznia 2016r. zatem by\u0142a jak najbardziej pogodna. W sam raz na kolejna wypraw\u0119 z ogniskiem na G\u00f3rze \u015bw. Anny. Tym razem prowadzi\u0142 nas Honorowy Przodownik Turystyki G\u00f3rskiej, kol. Czes\u0142aw Dominas Na [&hellip;]<\/p>\n","protected":false},"author":141,"featured_media":0,"comment_status":"closed","ping_status":"closed","sticky":false,"template":"","format":"standard","meta":{"ngg_post_thumbnail":0,"footnotes":""},"categories":[],"tags":[],"class_list":["post-3399","post","type-post","status-publish","format-standard","hentry"],"_links":{"self":[{"href":"https:\/\/kolo-nowaruda.klodzko.pttk.pl\/index.php\/wp-json\/wp\/v2\/posts\/3399","targetHints":{"allow":["GET"]}}],"collection":[{"href":"https:\/\/kolo-nowaruda.klodzko.pttk.pl\/index.php\/wp-json\/wp\/v2\/posts"}],"about":[{"href":"https:\/\/kolo-nowaruda.klodzko.pttk.pl\/index.php\/wp-json\/wp\/v2\/types\/post"}],"author":[{"embeddable":true,"href":"https:\/\/kolo-nowaruda.klodzko.pttk.pl\/index.php\/wp-json\/wp\/v2\/users\/141"}],"replies":[{"embeddable":true,"href":"https:\/\/kolo-nowaruda.klodzko.pttk.pl\/index.php\/wp-json\/wp\/v2\/comments?post=3399"}],"version-history":[{"count":0,"href":"https:\/\/kolo-nowaruda.klodzko.pttk.pl\/index.php\/wp-json\/wp\/v2\/posts\/3399\/revisions"}],"wp:attachment":[{"href":"https:\/\/kolo-nowaruda.klodzko.pttk.pl\/index.php\/wp-json\/wp\/v2\/media?parent=3399"}],"wp:term":[{"taxonomy":"category","embeddable":true,"href":"https:\/\/kolo-nowaruda.klodzko.pttk.pl\/index.php\/wp-json\/wp\/v2\/categories?post=3399"},{"taxonomy":"post_tag","embeddable":true,"href":"https:\/\/kolo-nowaruda.klodzko.pttk.pl\/index.php\/wp-json\/wp\/v2\/tags?post=3399"}],"curies":[{"name":"wp","href":"https:\/\/api.w.org\/{rel}","templated":true}]}}