{"id":3417,"date":"2016-06-01T00:00:00","date_gmt":"2016-05-31T22:00:00","guid":{"rendered":""},"modified":"-0001-11-30T00:00:00","modified_gmt":"-0001-11-29T22:00:00","slug":"gwarkowie-dzieciom","status":"publish","type":"post","link":"https:\/\/kolo-nowaruda.klodzko.pttk.pl\/index.php\/2016\/06\/01\/gwarkowie-dzieciom\/","title":{"rendered":"Gwarkowie dzieciom"},"content":{"rendered":"<p>Dzie\u0144 Dziecka to nie tylko \u015bwi\u0119to najm\u0142odszych, ale ka\u017cdego kto ma w sobie pasj\u0119, bo pasje wydobywaja z nas t\u0119 g\u0142\u0119boka, niepohamowana rado\u015b\u0107, tak charakterystyczna dla najm\u0142odszych\u2026 Do wyj\u015bcia w g\u00f3ry pretekst\u00f3w nie trzeba, ale Dzie\u0144 Dziecka sta\u0142 si\u0119 szczeg\u00f3lna okazja do podarowania dzieciom iskry pasji\u2026<\/p>\n<p>Najm\u0142odsi uczniowie Szko\u0142y Podstawowej nr 7 w Nowej Rudzie 1 czerwca 2016, wraz z opiekunami p. Monika Pedy, p. Edyta St\u0119pie\u0144, p. Krzysztofem Kornackim oraz honorowym przodownikiem g\u00f3rskim p. Czes\u0142awem Dominasem stali si\u0119 uczestnikami pieszej w\u0119dr\u00f3wki na G. \u015awi\u0119tej Anny. Do ostatniej chwili nasze w\u0119drowanie nie by\u0142o pewne, zaklinanie nieba, odganianie burzy, \u015bpiew i radosne okrzyki uczni\u00f3w nie mog\u0142y pozosta\u0107 bez echa\u2026 Oto nad Nowa Ruda za\u015bwieci\u0142o s\u0142o\u0144ce. Tak czarowania moc nabra\u0142a rozp\u0119du. Uczestnicy w\u0119dr\u00f3wki, po wyj\u015bciu z autokaru, z nieukrywana ciekawo\u015bcia rozgladali si\u0119 dooko\u0142a, wiedzieli, \u017ce ten dzie\u0144 przyniesie jeszcze kilka niespodzianek&#8230; Nie mylili si\u0119. Tu\u017c przed wej\u015bciem do Parku Strzeleckiego powita\u0142 uczni\u00f3w dostojny Pan\u2026 Jasna broda, kapelusz, jak z najlepszej bajki, prawie kr\u00f3lewska peleryna i nieustannie budzacy ciekawo\u015b\u0107 &#8211; kij z we\u0142nianymi pomponami, spowodowa\u0142y czarodziejski efekt \u201e\u0142a\u0142\u201d. Dzieci uwa\u017cnie s\u0142ucha\u0142y przewodnika, kt\u00f3ry nie szcz\u0119dzi\u0142 informacji. Idac aleja lipowa, w konarach drzew wita\u0142y nas ptasie trele, u \u201ebram\u201d lasu wysz\u0142a nam na przeciw zwinna sarenka. Zwarta grupa dziarsko zdobywali\u015bmy szczyt i pog\u0142\u0119biali\u015bmy swoja wiedz\u0119 \u201eornitologiczna\u201d. Magia zn\u00f3w zadzia\u0142a\u0142a, uczniowie odpowiadali na kolejne pytania, zdobywajac uznanie pana przewodnika, bardzo przestrzegali zasad zachowania dobrego go\u015bcia lasu. Wie\u017ca widokowa na szczycie G. \u015awi\u0119tej Anny, jak i panorama g\u00f3r zachwyci\u0142y m\u0142odych w\u0119drowc\u00f3w. Wsp\u00f3lnym fotografiom, wymianie postrze\u017ce\u0144, radosnym plasom nie by\u0142o ko\u0144ca. Uczniowie w tym dniu stali si\u0119 przede wszystkim turystami. Uroczy\u015bcie pasowani na m\u0142odszego turyst\u0119, dali s\u0142owo naturze, \u017ce b\u0119da o nia dba\u0107, kocha\u0107 i podziwia\u0107 jej uroki, bo przekonali si\u0119, \u017ce ta potrafi by\u0107 wdzi\u0119czna. Teraz pozostaje piel\u0119gnowa\u0107 iskr\u0119 pasji, kt\u00f3ra by\u0107 mo\u017ce, zatli\u0142a si\u0119 w sercach niekt\u00f3rych m\u0142odszych turyst\u00f3w\u2026 W\u0119drowanie nie by\u0142oby mo\u017cliwe, gdyby nie po\u015bwi\u0119cenie i zaanga\u017cowanie p. Edyty St\u0119pie\u0144, serdecznie dzi\u0119kuj\u0119 za wsparcie w czasie wycieczki p. Krzysztofowi Kornackiemu, szczeg\u00f3le podzi\u0119kowania ode mnie i uczni\u00f3w kl. 0, S. P. nr 7 w Nowej Rudzie dla niezawodnego przewodnika-czarownika p. Czes\u0142awa Dominasa.<\/p>\n<p>M. P.<\/p>\n<p>Tego samego dnia cz\u0142onkowie Ko\u0142a Turystycznego W\u0142odowice pod opieka kol. Witolda Telusa wybrali si\u0119 na wypraw\u0119 w G\u00f3ry Suche, z ogniskiem na stoku Ptasiego Szczytu, zwiedzaniem Rz\u0119dziny, Rudawy i T\u0142umaczowa. Trasa bardzo widokowa, cho\u0107 nieco przyd\u0142uga. Poczatkowo szlakiem niebieskim z W\u0142odowic w kierunku Ptasiego Szczytu, potem &#8211; tu\u017c za Marcowskim Potokiem zej\u015bcie ze szlaku w lewo, wzd\u0142u\u017c linii lasu &#8211; na grzbiet pasma szczytowego tej cz\u0119\u015bci G\u00f3r Suchych. Na grzbiecie pi\u0119kna drewniana &#8222;ambona&#8221; i miejsce na ognisko. Potem le\u015bno-\u0142akowa droga do pierwszych zabudowa\u0144 Rudawy, dalej w kierunku T\u0142umaczowa. Ze wsi dalej szlakiem niebieskim, potem \u017c\u00f3\u0142tym a\u017c do pa\u0142acu Sarny. Ostatnie &#8211; do\u015b\u0107 m\u0119czace &#8211; kilometry to tzw. &#8222;dolna droga&#8221; we W\u0142odowicach i wreszcie powr\u00f3t do szko\u0142y.<\/p>\n<p>W. T.<\/p>\n","protected":false},"excerpt":{"rendered":"<p>Dzie\u0144 Dziecka to nie tylko \u015bwi\u0119to najm\u0142odszych, ale ka\u017cdego kto ma w sobie pasj\u0119, bo pasje wydobywaja z nas t\u0119 g\u0142\u0119boka, niepohamowana rado\u015b\u0107, tak charakterystyczna dla najm\u0142odszych\u2026 Do wyj\u015bcia w g\u00f3ry pretekst\u00f3w nie trzeba, ale Dzie\u0144 Dziecka sta\u0142 si\u0119 szczeg\u00f3lna okazja do podarowania dzieciom iskry pasji\u2026 Najm\u0142odsi uczniowie Szko\u0142y Podstawowej nr 7 w Nowej Rudzie [&hellip;]<\/p>\n","protected":false},"author":141,"featured_media":0,"comment_status":"closed","ping_status":"closed","sticky":false,"template":"","format":"standard","meta":{"ngg_post_thumbnail":0,"footnotes":""},"categories":[],"tags":[],"class_list":["post-3417","post","type-post","status-publish","format-standard","hentry"],"_links":{"self":[{"href":"https:\/\/kolo-nowaruda.klodzko.pttk.pl\/index.php\/wp-json\/wp\/v2\/posts\/3417","targetHints":{"allow":["GET"]}}],"collection":[{"href":"https:\/\/kolo-nowaruda.klodzko.pttk.pl\/index.php\/wp-json\/wp\/v2\/posts"}],"about":[{"href":"https:\/\/kolo-nowaruda.klodzko.pttk.pl\/index.php\/wp-json\/wp\/v2\/types\/post"}],"author":[{"embeddable":true,"href":"https:\/\/kolo-nowaruda.klodzko.pttk.pl\/index.php\/wp-json\/wp\/v2\/users\/141"}],"replies":[{"embeddable":true,"href":"https:\/\/kolo-nowaruda.klodzko.pttk.pl\/index.php\/wp-json\/wp\/v2\/comments?post=3417"}],"version-history":[{"count":0,"href":"https:\/\/kolo-nowaruda.klodzko.pttk.pl\/index.php\/wp-json\/wp\/v2\/posts\/3417\/revisions"}],"wp:attachment":[{"href":"https:\/\/kolo-nowaruda.klodzko.pttk.pl\/index.php\/wp-json\/wp\/v2\/media?parent=3417"}],"wp:term":[{"taxonomy":"category","embeddable":true,"href":"https:\/\/kolo-nowaruda.klodzko.pttk.pl\/index.php\/wp-json\/wp\/v2\/categories?post=3417"},{"taxonomy":"post_tag","embeddable":true,"href":"https:\/\/kolo-nowaruda.klodzko.pttk.pl\/index.php\/wp-json\/wp\/v2\/tags?post=3417"}],"curies":[{"name":"wp","href":"https:\/\/api.w.org\/{rel}","templated":true}]}}