{"id":3419,"date":"2016-06-05T00:00:00","date_gmt":"2016-06-04T22:00:00","guid":{"rendered":""},"modified":"-0001-11-30T00:00:00","modified_gmt":"-0001-11-29T22:00:00","slug":"gss-czxi-grupa-szukajaca-skarbow-czyli-gwarkowie-na-gss-po-raz-11","status":"publish","type":"post","link":"https:\/\/kolo-nowaruda.klodzko.pttk.pl\/index.php\/2016\/06\/05\/gss-czxi-grupa-szukajaca-skarbow-czyli-gwarkowie-na-gss-po-raz-11\/","title":{"rendered":"<img src=\"images\/stories\/szlak_czerwony.png\"> (cz.XI) Grupa Szukajaca Skarb\u00f3w, czyli Gwarkowie na GSS po raz 11"},"content":{"rendered":"<p>S\u0142oneczna, ale burzowa niedziela 5 czerwca 2016r. to dobry czas na spotkanie 19 noworudzkich &#8222;Gwark\u00f3w&#8221; i kolejne kilometry na G\u0142\u00f3wnym Szlaku Sudeckim. W\u0119drowc\u00f3w poprowadzi\u0142 kol. Witek Telus, wspierany merytorycznie przez kol. Czes\u0142awa Dominasa.<\/p>\n<p>Niezawodny &#8222;Smilebus&#8221; dowi\u00f3z\u0142 nas do Kudowy Zdroju ju\u017c oko\u0142o 9:00, skad wyruszyli\u015bmy waska uliczka w kierunku osiedla B\u0142onie. Po drodze wizyta w Muzeum \u017baby przy budynku Dyrekcji Parku Narodowego G\u00f3r Sto\u0142owych &#8211; polecamy!. Dalsza trasa wznosi\u0142a si\u0119 powoli, leniwie wiodac asfaltowa \u015bcie\u017cka w stron\u0119 pierwszych zabudowa\u0144. Ma\u0142y odpoczynek i podziwianie Malinovej Hory z charakterystyczna wie\u017ca przeka\u017anikowa i dalej w drog\u0119, w cienista dolin\u0119, ku Jerzykowicom Wielkim. Wioska w nazwie wielka, ale naprawd\u0119 niezbyt du\u017ca. Z Jerzykowic dalej ju\u017c \u0142akami, z &#8222;przeskakiwaniem&#8221; przez ogrodzenia pastwiska za pomoca zmy\u015blnych drabinek. Mi\u0142o widzie\u0107, \u017ce sa jeszcze gospodarze nie atakujacy turyst\u00f3w wid\u0142ami tylko u\u0142atwiajacy w\u0119dr\u00f3wk\u0119. Na szczycie bezimiennego wzniesienia 513 odpoczynek, a potem zej\u015bcie w d\u00f3\u0142 Da\u0144czowskiego Potoku przez waw\u00f3z le\u015bny. Na poczatku wsi post\u00f3j przy wiejskim sklepiku (nadprogramowe godziny pracy \ud83d\ude09 ). Potem powolne podej\u015bcie w kierunku linii kolejowej i Prze\u0142\u0119czy Lewi\u0144skiej, z okazyjna sesja fotograficzna w \u0142ubinach. Mo\u017ce nast\u0119pnym odcinku wybierzemy &#8222;miss szlaku&#8221;?<\/p>\n<p>Z Prze\u0142\u0119czy Lewi\u0144skiej dalej w g\u00f3r\u0119, z kolejnymi postojami (coraz trudniejszy marsz w parnym i goracym powietrzu) i wreszcie osiagamy Prze\u0142\u0119cz w Grod\u017acu. Droga si\u0119 wyr\u00f3wnuje i w\u0119druje si\u0119 nieco l\u017cej. S\u0142ycha\u0107 jednak gro\u017ane pomruki burz, kt\u00f3re zdaja si\u0119 kra\u017cy\u0107 wok\u00f3\u0142 nas, wi\u0119c idziemy dalej. Kolejny post\u00f3j dopiero pod szczytem Grodczyna. Kilka os\u00f3b decyduje si\u0119 na &#8222;atak szczytowy&#8221; (to do Korony Sudet\u00f3w). Schodzimy stroma \u015bcie\u017cka, przez stare wyrobiska wapienia w kierunku wsi Zielone-Ludowe. Przed nami coraz lepiej widoczny sto\u017cek Gomo\u0142y, ale marsz utrudnia lekki deszcz. Nie zra\u017ceni pogoda docieramy do podn\u00f3\u017ca wzniesienia. Wi\u0119ksza cz\u0119\u015b\u0107 grupy decyduje si\u0119 na wej\u015bcie na szczyt, do ruin Homole. Na szczycie kolejne zdj\u0119cia, historia o bia\u0142ej damie i rycerzach-rabusiach i powr\u00f3t na szlak.<\/p>\n<p>Spod Gomo\u0142y ju\u017c polna droga, z wizyta w\u015br\u00f3d koni, w kierunku Dusznik Zdroju. Poniewa\u017c si\u0142 w nas nieco zosta\u0142o zdo\u0142ali\u015bmy doj\u015b\u0107 a\u017c do Parku Zdrojowego, gdzie nad Czarnym Stawem &#8222;wkr\u0119cili\u015bmy&#8221; si\u0119 na imprez\u0119 KGHM. Niestety nie byli\u015bmy na li\u015bcie go\u015bci, wi\u0119c wr\u00f3cili\u015bmy na lody i gofry do Parku Zdrojowego, skad odebra\u0142 nas &#8222;Smilebus&#8221;.<\/p>\n<p>Dzi\u0119kuj\u0119 wszystkim za udzia\u0142 i wspania\u0142y humor i ju\u017c teraz zapraszam na odcinek 12 Duszniki Zdr\u00f3j-Zieleniec-Las\u00f3wka.<\/p>\n<p>W. T.<\/p>\n<p><strong>Wz\u00f3r wype\u0142nienia ksia\u017ceczki GOT:<\/strong><\/p>\n<table border=\"0\" frame=\"box\" rules=\"all\">\n<tbody>\n<tr>\n<td>\n<p>Data<br \/>odbycia<br \/>wycieczki<\/p>\n<\/td>\n<td>Trasa wycieczki<\/td>\n<td>Nr grupy<br \/>g\u00f3rskiej<br \/>wg reg. GOT<\/td>\n<td>Punkt\u00f3w<br \/>wg reg.<br \/>GOT<\/td>\n<td>Czy<br \/>przodownik<br \/>by\u0142 obecny<\/td>\n<td>Podpis i nr legitymacji<br \/>przodownika turystyki<br \/>g\u00f3rskiej<\/td>\n<\/tr>\n<tr>\n<td>05.06.2016r.<\/td>\n<td>Kudowa Zdr\u00f3j-B\u0142onie<\/td>\n<td>S.13<\/td>\n<td>3<\/td>\n<td>tak<\/td>\n<td><\/td>\n<\/tr>\n<tr>\n<td>05.06.2016r.<\/td>\n<td>B\u0142onie-Da\u0144cz\u00f3w<\/td>\n<td>S.13<\/td>\n<td>3<\/td>\n<td>tak<\/td>\n<td><\/td>\n<\/tr>\n<tr>\n<td>05.06.2016r.<\/td>\n<td>Da\u0144cz\u00f3w-Lewi\u0144ska Prze\u0142\u0119cz<\/td>\n<td>S.13<\/td>\n<td>3<\/td>\n<td>tak<\/td>\n<td><\/td>\n<\/tr>\n<tr>\n<td>05.06.2016r.<\/td>\n<td>Lewi\u0144ska Prze\u0142\u0119cz-Grodziec skrzy\u017c.<\/td>\n<td>S.13<\/td>\n<td>4<\/td>\n<td>tak<\/td>\n<td><\/td>\n<\/tr>\n<tr>\n<td>05.06.2016r.<\/td>\n<td>Grodziec skrzy\u017c.-Grodczyn<\/td>\n<td>S.13<\/td>\n<td>2<\/td>\n<td>tak<\/td>\n<td><\/td>\n<\/tr>\n<tr>\n<td>05.06.2016r.<\/td>\n<td>Grodczyn-Gomo\u0142a<\/td>\n<td>S.13<\/td>\n<td>2<\/td>\n<td>tak<\/td>\n<td><\/td>\n<\/tr>\n<tr>\n<td>05.06.2016r.<\/td>\n<td>Gomo\u0142a-Duszniki Zdr\u00f3j<\/td>\n<td>S.13<\/td>\n<td>4<\/td>\n<td>tak<\/td>\n<td><\/td>\n<\/tr>\n<\/tbody>\n<\/table>\n","protected":false},"excerpt":{"rendered":"<p>S\u0142oneczna, ale burzowa niedziela 5 czerwca 2016r. to dobry czas na spotkanie 19 noworudzkich &#8222;Gwark\u00f3w&#8221; i kolejne kilometry na G\u0142\u00f3wnym Szlaku Sudeckim. W\u0119drowc\u00f3w poprowadzi\u0142 kol. Witek Telus, wspierany merytorycznie przez kol. Czes\u0142awa Dominasa. Niezawodny &#8222;Smilebus&#8221; dowi\u00f3z\u0142 nas do Kudowy Zdroju ju\u017c oko\u0142o 9:00, skad wyruszyli\u015bmy waska uliczka w kierunku osiedla B\u0142onie. Po drodze wizyta w [&hellip;]<\/p>\n","protected":false},"author":141,"featured_media":0,"comment_status":"closed","ping_status":"closed","sticky":false,"template":"","format":"standard","meta":{"ngg_post_thumbnail":0,"footnotes":""},"categories":[],"tags":[],"class_list":["post-3419","post","type-post","status-publish","format-standard","hentry"],"_links":{"self":[{"href":"https:\/\/kolo-nowaruda.klodzko.pttk.pl\/index.php\/wp-json\/wp\/v2\/posts\/3419","targetHints":{"allow":["GET"]}}],"collection":[{"href":"https:\/\/kolo-nowaruda.klodzko.pttk.pl\/index.php\/wp-json\/wp\/v2\/posts"}],"about":[{"href":"https:\/\/kolo-nowaruda.klodzko.pttk.pl\/index.php\/wp-json\/wp\/v2\/types\/post"}],"author":[{"embeddable":true,"href":"https:\/\/kolo-nowaruda.klodzko.pttk.pl\/index.php\/wp-json\/wp\/v2\/users\/141"}],"replies":[{"embeddable":true,"href":"https:\/\/kolo-nowaruda.klodzko.pttk.pl\/index.php\/wp-json\/wp\/v2\/comments?post=3419"}],"version-history":[{"count":0,"href":"https:\/\/kolo-nowaruda.klodzko.pttk.pl\/index.php\/wp-json\/wp\/v2\/posts\/3419\/revisions"}],"wp:attachment":[{"href":"https:\/\/kolo-nowaruda.klodzko.pttk.pl\/index.php\/wp-json\/wp\/v2\/media?parent=3419"}],"wp:term":[{"taxonomy":"category","embeddable":true,"href":"https:\/\/kolo-nowaruda.klodzko.pttk.pl\/index.php\/wp-json\/wp\/v2\/categories?post=3419"},{"taxonomy":"post_tag","embeddable":true,"href":"https:\/\/kolo-nowaruda.klodzko.pttk.pl\/index.php\/wp-json\/wp\/v2\/tags?post=3419"}],"curies":[{"name":"wp","href":"https:\/\/api.w.org\/{rel}","templated":true}]}}