{"id":3421,"date":"2016-06-18T00:00:00","date_gmt":"2016-06-17T22:00:00","guid":{"rendered":""},"modified":"-0001-11-30T00:00:00","modified_gmt":"-0001-11-29T22:00:00","slug":"pieski-male-dwa-chcialy-wejsc-na-gore","status":"publish","type":"post","link":"https:\/\/kolo-nowaruda.klodzko.pttk.pl\/index.php\/2016\/06\/18\/pieski-male-dwa-chcialy-wejsc-na-gore\/","title":{"rendered":"Pieski ma\u0142e dwa chcia\u0142y wej\u015b\u0107 na g\u00f3r\u0119&#8230;"},"content":{"rendered":"<p>W dniu 18.06.2016 r. niestrudzona grupa sze\u015bciorga Gwark\u00f3w Noworudzkich oraz\u00a0 pieski \u201eTola\u201d i \u201eLucek\u201d pokusili si\u0119 na spacer ze \u015awierk przez W\u0142odzicka G\u00f3r\u0119 do Nowej Rudy<\/p>\n<p>Po przyje\u017adzie\u00a0 szynobusem do stacji \u015awierki Dolne PKP udali\u015bmy si\u0119 czerwonym szlakiem do miejscowo\u015bci \u015awierki i ko\u0142o barokowego ko\u015bcio\u0142a \u015bw. Miko\u0142aja z 1748 r. skr\u0119cili\u015bmy na W\u0142odzicka G\u00f3r\u0119. Trzeba przyzna\u0107, \u017ce oznakowanie szlaku czerwonego w pewnym momencie si\u0119 sko\u0144czy\u0142o i tylko znajomo\u015b\u0107 terenu pozwoli\u0142a nam na dotarcie na szczyt W\u0142odzickiej G\u00f3ry. Po dotarciu na szczyt obok zrujnowanej wie\u017cy widokowej z 1927 r. kilka fotek i zeszli\u015bmy do miejsca biwakowego, gdzie rozpalili\u015bmy ognisko i by\u0142o tradycyjne pieczenie kie\u0142basek.\u00a0 Podczas posilania si\u0119 opowiadali\u015bmy\u00a0 o historii wsi \u015awierki, o kt\u00f3rej ju\u017c wzmiankowano w 1352 r. Wie\u015b nale\u017ca\u0142a do rodu Stillfried\u00f3w (jako dworskie lenno nadane przez ks. H. Podiebrodowicza).\u00a0 Co ciekawe w 1782 r. majatek obejmowa\u0142\u00a0 136 budynk\u00f3w, ko\u015bci\u00f3\u0142, plebani\u0119, szko\u0142\u0119, 2 m\u0142yny wodne, a mieszka\u0142o w nim 32 kmieci, 99 zagrodnik\u00f3w i cha\u0142upnik\u00f3w.\u00a0 By\u0142 dw\u00f3r i wolne s\u0119dziostwo.<\/p>\n<p>W 1807 r. by\u0142a stoczona bitwa na granicy mi\u0119dzy \u015awierkami a Granicznikiem, w kt\u00f3rej walczy\u0142y oddzia\u0142y\u00a0 pruskie z bawarskimi (cz\u0119\u015b\u0107 armii napoleo\u0144skiej). Prusacy zostali zmuszeni do opuszczenia hrabstwa k\u0142odzkiego.<\/p>\n<p>Po odkupieniu wsi od rodu Stillfried\u00f3w przez hrabiego von Magnisa z Bo\u017ckowa nastapi\u0142 jej najwi\u0119kszy rozkwit. W 1840 r. dzia\u0142a\u0142o 89 krosien bawe\u0142nianych, 10 lnianych, a tak\u017ce 28 innych rzemie\u015blnik\u00f3w i 26 handlarzy.\u00a0 By\u0142y te\u017c 3 m\u0142yny wodne, 2 gorzelnie i olejarnia. W 2 po\u0142owie XIX w.\u00a0 upad\u0142o tkactwo cha\u0142upnicze ale rozwija\u0142a si\u0119 turystyka dzi\u0119ki wybudowanej linii kolejowej z Nowej Rudy do Jedliny Zdroju i Wa\u0142brzycha. Mi\u0119dzy \u015awierkami a Bartnica przebito tunel kolejowy o d\u0142. 1171 m. W latach 1907 &#8211; 12 wybudowano drugi tunel. Dzia\u0142a\u0142 te\u017c punkt informacyjny K\u0142odzkiego Towarzystwa G\u00f3rskiego GGV.\u00a0 Po 1945 r. wie\u015b przemys\u0142owo \u2013 rolnicza, ale ca\u0142kowicie zatraci\u0142a charakter letniskowy. Powsta\u0142 kamienio\u0142om, kt\u00f3ry r\u00f3wnie\u017c uleg\u0142 likwidacji po wyczerpaniu si\u0119 z\u0142o\u017ca.<\/p>\n<p>Po posileniu si\u0119 czas by\u0142o wyruszy\u0107 w drog\u0119, tym bardziej, \u017ce pogoda by\u0142a przepi\u0119kna a widoki przecudne. Z jednej strony G\u00f3ry Sowie z drugiej strony G\u00f3ry Orlickie, oraz G\u00f3ry Sto\u0142owe a po mini\u0119ciu Kr\u0119pca wida\u0107 by\u0142o wie\u017ce widokowe na G\u00f3rze \u015aw. Anny i \u201eSuszynk\u0119\u201d. Zauwa\u017cyli\u015bmy, \u017ce oznakowania szlaku zielonego sa\u00a0 niszczone.<\/p>\n<p>Po podziwianiu wspania\u0142ych widok\u00f3w dotarli\u015bmy do celu. Przy rozstaniu si\u0119 okaza\u0142o si\u0119, \u017ce by\u0142 z nami jeszcze jeden uczestnik \u2013 pasa\u017cer na gap\u0119 ma\u0142a jaszczurka, kt\u00f3ra wypu\u015bcili\u015bmy na wolno\u015b\u0107.<\/p>\n<p>Spacer opisa\u0142 i zdj\u0119cia wykona\u0142 Edek Soja.<\/p>\n<p><strong>Wz\u00f3r wype\u0142nienia ksia\u017ceczki GOT:<\/strong><\/p>\n<table border=\"0\" frame=\"box\" rules=\"all\">\n<tbody>\n<tr>\n<td>\n<p>Data<br \/>odbycia<br \/>wycieczki<\/p>\n<\/td>\n<td>Trasa wycieczki<\/td>\n<td>Nr grupy<br \/>g\u00f3rskiej<br \/>wg reg. GOT<\/td>\n<td>Punkt\u00f3w<br \/>wg reg.<br \/>GOT<\/td>\n<td>Czy<br \/>przodownik<br \/>by\u0142 obecny<\/td>\n<td>Podpis i nr legitymacji<br \/>przodownika turystyki<br \/>g\u00f3rskiej<\/td>\n<\/tr>\n<tr>\n<td>2016.06.18<\/td>\n<td>\u015awierki-W\u0142odzicka G\u00f3ra<\/td>\n<td>S.11<\/td>\n<td>3<\/td>\n<td>tak<\/td>\n<td><\/td>\n<\/tr>\n<tr>\n<td>2016.06.18<\/td>\n<td>W\u0142odzicka G\u00f3ra-Kr\u0119piec<\/td>\n<td>S.11<\/td>\n<td>5<\/td>\n<td>tak<\/td>\n<td><\/td>\n<\/tr>\n<tr>\n<td>2016.06.18<\/td>\n<td>Kr\u0119piec-Nowa Ruda<\/td>\n<td>S.11<\/td>\n<td>3<\/td>\n<td>tak<\/td>\n<td><\/td>\n<\/tr>\n<\/tbody>\n<\/table>\n","protected":false},"excerpt":{"rendered":"<p>W dniu 18.06.2016 r. niestrudzona grupa sze\u015bciorga Gwark\u00f3w Noworudzkich oraz\u00a0 pieski \u201eTola\u201d i \u201eLucek\u201d pokusili si\u0119 na spacer ze \u015awierk przez W\u0142odzicka G\u00f3r\u0119 do Nowej Rudy Po przyje\u017adzie\u00a0 szynobusem do stacji \u015awierki Dolne PKP udali\u015bmy si\u0119 czerwonym szlakiem do miejscowo\u015bci \u015awierki i ko\u0142o barokowego ko\u015bcio\u0142a \u015bw. Miko\u0142aja z 1748 r. skr\u0119cili\u015bmy na W\u0142odzicka G\u00f3r\u0119. Trzeba [&hellip;]<\/p>\n","protected":false},"author":141,"featured_media":0,"comment_status":"closed","ping_status":"closed","sticky":false,"template":"","format":"standard","meta":{"ngg_post_thumbnail":0,"footnotes":""},"categories":[],"tags":[],"class_list":["post-3421","post","type-post","status-publish","format-standard","hentry"],"_links":{"self":[{"href":"https:\/\/kolo-nowaruda.klodzko.pttk.pl\/index.php\/wp-json\/wp\/v2\/posts\/3421","targetHints":{"allow":["GET"]}}],"collection":[{"href":"https:\/\/kolo-nowaruda.klodzko.pttk.pl\/index.php\/wp-json\/wp\/v2\/posts"}],"about":[{"href":"https:\/\/kolo-nowaruda.klodzko.pttk.pl\/index.php\/wp-json\/wp\/v2\/types\/post"}],"author":[{"embeddable":true,"href":"https:\/\/kolo-nowaruda.klodzko.pttk.pl\/index.php\/wp-json\/wp\/v2\/users\/141"}],"replies":[{"embeddable":true,"href":"https:\/\/kolo-nowaruda.klodzko.pttk.pl\/index.php\/wp-json\/wp\/v2\/comments?post=3421"}],"version-history":[{"count":0,"href":"https:\/\/kolo-nowaruda.klodzko.pttk.pl\/index.php\/wp-json\/wp\/v2\/posts\/3421\/revisions"}],"wp:attachment":[{"href":"https:\/\/kolo-nowaruda.klodzko.pttk.pl\/index.php\/wp-json\/wp\/v2\/media?parent=3421"}],"wp:term":[{"taxonomy":"category","embeddable":true,"href":"https:\/\/kolo-nowaruda.klodzko.pttk.pl\/index.php\/wp-json\/wp\/v2\/categories?post=3421"},{"taxonomy":"post_tag","embeddable":true,"href":"https:\/\/kolo-nowaruda.klodzko.pttk.pl\/index.php\/wp-json\/wp\/v2\/tags?post=3421"}],"curies":[{"name":"wp","href":"https:\/\/api.w.org\/{rel}","templated":true}]}}