{"id":3425,"date":"2016-07-31T00:00:00","date_gmt":"2016-07-30T22:00:00","guid":{"rendered":""},"modified":"-0001-11-30T00:00:00","modified_gmt":"-0001-11-29T22:00:00","slug":"grzyby-ryby-jagody","status":"publish","type":"post","link":"https:\/\/kolo-nowaruda.klodzko.pttk.pl\/index.php\/2016\/07\/31\/grzyby-ryby-jagody\/","title":{"rendered":"Grzyby, ryby, jagody"},"content":{"rendered":"<p>Kolejna wakacyjna w\u0119dr\u00f3wka by\u0142a pomy\u015blana g\u0142\u00f3wnie z my\u015bla o zbieraniu po drodze grzyb\u00f3w, wi\u0119c 30 lipca startujemy z Borowiny.<\/p>\n<p>Poczatkowo bez szlaku do Kapliczki Maryjnej na Bukowej G\u00f3rze z 1843 r (jej historia opisana w \u015brodku kaplicy), nast\u0119pnie dochodzimy do Praskiego Traktu z niebieskim szlakiem, (odnoga szlaku bursztynowego i traktu pocztowego). Po drodze przy P\u0142askiej pozosta\u0142o\u015bci starego kamienio\u0142omu, z ponad 20 metrowymi urwiskami i dalej do Brzytwy, bardzo ciekawej ska\u0142y (z nazwy i wygladu).<\/p>\n<p>Nast\u0119pnie czarnym szlakiem dochodzimy do Chocieszowa, gdzie w sma\u017calni pstrag\u00f3w, odpoczywamy w towarzystwie super kota. Po mini\u0119ciu rancza Vaquera i le\u015bnej kapliczki, na polance tradycyjne pieczenie kie\u0142basek. W drodze do Wambierzyc nape\u0142niamy jeszcze brzuszki dorodnymi jagodami i ko\u0144czymy nasz rajd.<\/p>\n<p>W\u0119dr\u00f3wka i zbiory by\u0142y udane, atmosfera wy\u015bmienita, wi\u0119c nie pozostaje mi nic wi\u0119cej, jak zaprosi\u0107 na kolejne nasze imprezy.<\/p>\n<p><strong>Wz\u00f3r wype\u0142nienia ksia\u017ceczki GOT:<\/strong><\/p>\n<table border=\"0\" frame=\"box\" rules=\"all\">\n<tbody>\n<tr>\n<td>\n<p>Data<br \/>odbycia<br \/>wycieczki<\/p>\n<\/td>\n<td>Trasa wycieczki<\/td>\n<td>Nr grupy<br \/>g\u00f3rskiej<br \/>wg reg. GOT<\/td>\n<td>Punkt\u00f3w<br \/>wg reg.<br \/>GOT<\/td>\n<td>Czy<br \/>przodownik<br \/>by\u0142 obecny<\/td>\n<td>Podpis i nr legitymacji<br \/>przodownika turystyki<br \/>g\u00f3rskiej<\/td>\n<\/tr>\n<tr>\n<td>30.07.2016<\/td>\n<td>Borowina-Chociesz\u00f3w<br \/>(7km, 200m)<\/td>\n<td>S.13<\/td>\n<td>9<\/td>\n<td>tak<\/td>\n<td><\/td>\n<\/tr>\n<tr>\n<td>30.07.2016<\/td>\n<td>Chociesz\u00f3w-Wambierzyce<br \/>(4km, 100m)<\/td>\n<td>S.13<\/td>\n<td>5<\/td>\n<td>tak<\/td>\n<td><\/td>\n<\/tr>\n<\/tbody>\n<\/table>\n","protected":false},"excerpt":{"rendered":"<p>Kolejna wakacyjna w\u0119dr\u00f3wka by\u0142a pomy\u015blana g\u0142\u00f3wnie z my\u015bla o zbieraniu po drodze grzyb\u00f3w, wi\u0119c 30 lipca startujemy z Borowiny. Poczatkowo bez szlaku do Kapliczki Maryjnej na Bukowej G\u00f3rze z 1843 r (jej historia opisana w \u015brodku kaplicy), nast\u0119pnie dochodzimy do Praskiego Traktu z niebieskim szlakiem, (odnoga szlaku bursztynowego i traktu pocztowego). Po drodze przy P\u0142askiej [&hellip;]<\/p>\n","protected":false},"author":141,"featured_media":0,"comment_status":"closed","ping_status":"closed","sticky":false,"template":"","format":"standard","meta":{"ngg_post_thumbnail":0,"footnotes":""},"categories":[],"tags":[],"class_list":["post-3425","post","type-post","status-publish","format-standard","hentry"],"_links":{"self":[{"href":"https:\/\/kolo-nowaruda.klodzko.pttk.pl\/index.php\/wp-json\/wp\/v2\/posts\/3425","targetHints":{"allow":["GET"]}}],"collection":[{"href":"https:\/\/kolo-nowaruda.klodzko.pttk.pl\/index.php\/wp-json\/wp\/v2\/posts"}],"about":[{"href":"https:\/\/kolo-nowaruda.klodzko.pttk.pl\/index.php\/wp-json\/wp\/v2\/types\/post"}],"author":[{"embeddable":true,"href":"https:\/\/kolo-nowaruda.klodzko.pttk.pl\/index.php\/wp-json\/wp\/v2\/users\/141"}],"replies":[{"embeddable":true,"href":"https:\/\/kolo-nowaruda.klodzko.pttk.pl\/index.php\/wp-json\/wp\/v2\/comments?post=3425"}],"version-history":[{"count":0,"href":"https:\/\/kolo-nowaruda.klodzko.pttk.pl\/index.php\/wp-json\/wp\/v2\/posts\/3425\/revisions"}],"wp:attachment":[{"href":"https:\/\/kolo-nowaruda.klodzko.pttk.pl\/index.php\/wp-json\/wp\/v2\/media?parent=3425"}],"wp:term":[{"taxonomy":"category","embeddable":true,"href":"https:\/\/kolo-nowaruda.klodzko.pttk.pl\/index.php\/wp-json\/wp\/v2\/categories?post=3425"},{"taxonomy":"post_tag","embeddable":true,"href":"https:\/\/kolo-nowaruda.klodzko.pttk.pl\/index.php\/wp-json\/wp\/v2\/tags?post=3425"}],"curies":[{"name":"wp","href":"https:\/\/api.w.org\/{rel}","templated":true}]}}