{"id":3430,"date":"2016-09-11T00:00:00","date_gmt":"2016-09-10T22:00:00","guid":{"rendered":""},"modified":"-0001-11-30T00:00:00","modified_gmt":"-0001-11-29T22:00:00","slug":"krolowa-sudetow-2016","status":"publish","type":"post","link":"https:\/\/kolo-nowaruda.klodzko.pttk.pl\/index.php\/2016\/09\/11\/krolowa-sudetow-2016\/","title":{"rendered":"Kr\u00f3lowa Sudet\u00f3w 2016"},"content":{"rendered":"<p>Przyszed\u0142 wreszcie d\u0142ugo oczekiwany 11 wrze\u015bnia 2016r. i niemal 60-osobowa grupa turyst\u00f3w z Nowej Rudy, K\u0142odzka, Szklar Zabkowickich, Wroc\u0142awia i Polanicy Zdroju pod kierunkiem Honorowego Przodownika Turystyki G\u00f3rskiej, kol. Czes\u0142awa Dominasa oraz Aspiranta Przodownickiego, kol. Witolda Telusa ruszy\u0142a na podb\u00f3j najwy\u017cszego szczytu Sudet\u00f3w.<\/p>\n<p>Na dolna stacj\u0119 wyciagu krzese\u0142kowego na Kop\u0119 dowi\u00f3z\u0142 nas niezawodny, wygodny i szybki &#8222;Smilebus&#8221; z firmy Pana Paw\u0142a Gorczycy. Czas idealny, kiedy bowiem dotarli\u015bmy do wyciagu niemal natychmiast obs\u0142uga uruchomi\u0142a maszyny i otwar\u0142a okienko kasowe. Sprawnie rozdane bilety pozwoli\u0142y wsia\u015b\u0107 w krzese\u0142ka ju\u017c przed 9:00. Wyjatkowo pi\u0119kna pogoda i s\u0142aby wietrzyk pozwoli\u0142y rozkoszowa\u0107 si\u0119 niemal 16-minutowa przeja\u017cd\u017cka. A w dole&#8230; leniwie pe\u0142znace potoki, tu i \u00f3wdzie wyzierajace ma\u015blaki oraz niebiesko-czerwone kompozycje bor\u00f3wek.<\/p>\n<p>Na Kopie (1377m.n.p.m.) szybka odprawa i wymarsz do &#8222;\u015alaskiego Domu&#8221;. To aktualnie ostatni punkt higieniczno-gastronomiczny po polskiej stronie przed \u015anie\u017cka. Przerwa na kaw\u0119 i \u015bniadanie i ju\u017c o 10:00 start na szlak. Na szczyt Kr\u00f3lowej Sudet\u00f3w, \u015anie\u017cki (1602 m. n.p.m.) wspinali\u015bmy si\u0119 &#8211; o dziwo &#8211; przepisowe 30 minut. Na szczycie niemal bezwietrznie. Czy\u017cby trafi\u0142 si\u0119 nam jeden ze &#8222;statystycznych&#8221; pi\u0119ciu takich dni w roku? Troch\u0119 jednak smuty widok zamkni\u0119tych drzwi schroniska nie pozwoli\u0142 na d\u0142u\u017cszy post\u00f3j na szczycie. Kilkoro z nas ciekawo\u015b\u0107 zawiod\u0142a na stron\u0119 czeska do ma\u0142ego bufetu. Podziwu godna jest postawa obs\u0142ugi, kt\u00f3ra pomimo skromnych warunk\u00f3w lokalowych pr\u00f3buje zapewni\u0107 turystom minimum gastronomiczne.<\/p>\n<p>Niepocieszeni zamkni\u0119tym schroniskiem ruszyli\u015bmy w d\u00f3\u0142 w kierunku Czarnej Kopy (1407m. n.p.m.) i dalej w kierunku Grzbietu Kowarskiego. Przed Grzbietem wizyta w klimatycznej &#8222;Jelence&#8221;, schronisku i restauracji po czeskiej stronie (ale tak blisko granicy, \u017ce w\u0142a\u015bciwie jest to lokal mi\u0119dzynarodowy). Obs\u0142uga p\u0142ynnie m\u00f3wi\u0142a po czesku, polsku i niemiecku, a i r\u00f3\u017cnorodno\u015b\u0107 walut nie by\u0142a wi\u0119kszym problemem. Przysz\u0142a pora na posi\u0142ki i napoje, a tak\u017ce okoliczno\u015bciowa uroczysto\u015b\u0107 wr\u0119czenia odznak &#8222;Zdobywcy G\u0142\u00f3wnego Szlaku Sudeckiego&#8221; w stopniach brazowym i srebrnym. Zdobywcom gratulujemy i \u017cyczymy wytrwa\u0142o\u015bci w zdobyciu stopnia z\u0142otego.<\/p>\n<p>Z go\u015bcinnej &#8222;Jelenki&#8221; w d\u00f3\u0142 na Sowia Prze\u0142\u0119cz (1164m.n.p.m) i dalej, w g\u00f3r\u0119 szlakiem niebieskim na punkt widokowy &#8222;Skalny St\u00f3\u0142&#8221; (1281m.n.p.m). Urocze widoki na miejscowo\u015bci Kotliny Jeleniog\u00f3rskiej oraz ostatni rzut oka na \u015anie\u017ck\u0119. A potem pomi\u0119dzy coraz okazalsza kosodrzewina, kluczac w\u015br\u00f3d martwego lasu i tysi\u0119cy kamieni\u00a0 i opanowujac dr\u017cace kolana na stromym zej\u015bciu z Czo\u0142a (1276m.n.p.m) dotarli\u015bmy wreszcie na Prze\u0142\u0119cz Okraj (1046m.n.p.m.). Ma\u0142e schronisko, a wi\u0119c ma\u0142y post\u00f3j i popas. A na koniec szlakiem niebieskim, wzd\u0142u\u017c drogi (troch\u0119 lasem), potem \u017c\u00f3\u0142tym i zielonym do Rozdro\u017ca Kowarskiego (787m.n.p.m.), ostatniego punktu gdzie wolno jeszcze wje\u017cd\u017ca\u0107 du\u017cym autokarom i po\u017cegnanie z Karkonoszami.<\/p>\n<p>Dzi\u0119kuj\u0119 wszystkim uczestnikom za dyscyplin\u0119, wyrozumia\u0142o\u015b\u0107, humor i wytrwa\u0142o\u015b\u0107. Prowadzacym gratuluj\u0119 zdrowia i \u017celaznych nerw\u00f3w.<\/p>\n<p>A wszystkich zapraszam do wstapienia w szeregi naszego Ko\u0142a (je\u015bli z jakich\u015b niezrozumia\u0142ych powod\u00f3w jeszcze tego nie zrobili) i w\u0119drowania z nami na kolejnych wycieczkach. No i &#8222;zara\u017cania&#8221; pasja g\u00f3rska kogo si\u0119 da i gdzie si\u0119 da. Nie od dzi\u015b bowiem wiadomo, \u017ce ludzie dziela si\u0119 na tych co chodza po g\u00f3rach i tych, kt\u00f3rym nie mo\u017cna tego wyt\u0142umaczy\u0107.<\/p>\n<p><strong>Wz\u00f3r wype\u0142nienia ksia\u017ceczki GOT:<\/strong><\/p>\n<table border=\"0\" frame=\"box\" rules=\"all\">\n<tbody>\n<tr>\n<td>\n<p>Data<br \/>odbycia<br \/>wycieczki<\/p>\n<\/td>\n<td>Trasa wycieczki<\/td>\n<td>Nr grupy<br \/>g\u00f3rskiej<br \/>wg reg. GOT<\/td>\n<td>Punkt\u00f3w<br \/>wg reg.<br \/>GOT<\/td>\n<td>Czy<br \/>przodownik<br \/>by\u0142 obecny<\/td>\n<td>Podpis i nr legitymacji<br \/>przodownika turystyki<br \/>g\u00f3rskiej<\/td>\n<\/tr>\n<tr>\n<td>11.09.2016<\/td>\n<td>Kopa-\u015alaski Dom<\/td>\n<td>S.03<\/td>\n<td>1<\/td>\n<td>tak<\/td>\n<td><\/td>\n<\/tr>\n<tr>\n<td>11.09.2016<\/td>\n<td>\u015alaski Dom-\u015anie\u017cka<\/td>\n<td>S.03<\/td>\n<td>3<\/td>\n<td>tak<\/td>\n<td><\/td>\n<\/tr>\n<tr>\n<td>11.09.2016<\/td>\n<td>\u015anie\u017cka-Sowia Prze\u0142\u0119cz<\/td>\n<td>S.03<\/td>\n<td>4<\/td>\n<td>tak<\/td>\n<td><\/td>\n<\/tr>\n<tr>\n<td>11.09.2016<\/td>\n<td>Sowia Prze\u0142\u0119cz-Skalny St\u00f3\u0142<\/td>\n<td>S.03<\/td>\n<td>2<\/td>\n<td>tak<\/td>\n<td><\/td>\n<\/tr>\n<tr>\n<td>11.09.2016<\/td>\n<td>Skalny St\u00f3\u0142-Prze\u0142\u0119cz Okraj<\/td>\n<td>S.03<\/td>\n<td>3<\/td>\n<td>tak<\/td>\n<td><\/td>\n<\/tr>\n<tr>\n<td>11.09.2016<\/td>\n<td>Prze\u0142\u0119cz Okraj-Rozdro\u017ce pod Sulica<\/td>\n<td>S.03<\/td>\n<td>2<\/td>\n<td>tak<\/td>\n<td><\/td>\n<\/tr>\n<tr>\n<td>11.09.2016<\/td>\n<td>Rozdro\u017ce pod Sulica-Rozdro\u017ce Kowarskie<\/td>\n<td>S.03<\/td>\n<td>1<\/td>\n<td>tak<\/td>\n<td><\/td>\n<\/tr>\n<\/tbody>\n<\/table>\n","protected":false},"excerpt":{"rendered":"<p>Przyszed\u0142 wreszcie d\u0142ugo oczekiwany 11 wrze\u015bnia 2016r. i niemal 60-osobowa grupa turyst\u00f3w z Nowej Rudy, K\u0142odzka, Szklar Zabkowickich, Wroc\u0142awia i Polanicy Zdroju pod kierunkiem Honorowego Przodownika Turystyki G\u00f3rskiej, kol. Czes\u0142awa Dominasa oraz Aspiranta Przodownickiego, kol. Witolda Telusa ruszy\u0142a na podb\u00f3j najwy\u017cszego szczytu Sudet\u00f3w. Na dolna stacj\u0119 wyciagu krzese\u0142kowego na Kop\u0119 dowi\u00f3z\u0142 nas niezawodny, wygodny i [&hellip;]<\/p>\n","protected":false},"author":141,"featured_media":0,"comment_status":"closed","ping_status":"closed","sticky":false,"template":"","format":"standard","meta":{"ngg_post_thumbnail":0,"footnotes":""},"categories":[],"tags":[],"class_list":["post-3430","post","type-post","status-publish","format-standard","hentry"],"_links":{"self":[{"href":"https:\/\/kolo-nowaruda.klodzko.pttk.pl\/index.php\/wp-json\/wp\/v2\/posts\/3430","targetHints":{"allow":["GET"]}}],"collection":[{"href":"https:\/\/kolo-nowaruda.klodzko.pttk.pl\/index.php\/wp-json\/wp\/v2\/posts"}],"about":[{"href":"https:\/\/kolo-nowaruda.klodzko.pttk.pl\/index.php\/wp-json\/wp\/v2\/types\/post"}],"author":[{"embeddable":true,"href":"https:\/\/kolo-nowaruda.klodzko.pttk.pl\/index.php\/wp-json\/wp\/v2\/users\/141"}],"replies":[{"embeddable":true,"href":"https:\/\/kolo-nowaruda.klodzko.pttk.pl\/index.php\/wp-json\/wp\/v2\/comments?post=3430"}],"version-history":[{"count":0,"href":"https:\/\/kolo-nowaruda.klodzko.pttk.pl\/index.php\/wp-json\/wp\/v2\/posts\/3430\/revisions"}],"wp:attachment":[{"href":"https:\/\/kolo-nowaruda.klodzko.pttk.pl\/index.php\/wp-json\/wp\/v2\/media?parent=3430"}],"wp:term":[{"taxonomy":"category","embeddable":true,"href":"https:\/\/kolo-nowaruda.klodzko.pttk.pl\/index.php\/wp-json\/wp\/v2\/categories?post=3430"},{"taxonomy":"post_tag","embeddable":true,"href":"https:\/\/kolo-nowaruda.klodzko.pttk.pl\/index.php\/wp-json\/wp\/v2\/tags?post=3430"}],"curies":[{"name":"wp","href":"https:\/\/api.w.org\/{rel}","templated":true}]}}