{"id":3432,"date":"2016-09-17T00:00:00","date_gmt":"2016-09-16T22:00:00","guid":{"rendered":""},"modified":"-0001-11-30T00:00:00","modified_gmt":"-0001-11-29T22:00:00","slug":"poczatek-sezonu-jesiennego","status":"publish","type":"post","link":"https:\/\/kolo-nowaruda.klodzko.pttk.pl\/index.php\/2016\/09\/17\/poczatek-sezonu-jesiennego\/","title":{"rendered":"Poczatek sezonu jesiennego"},"content":{"rendered":"<p>W dniu 17 wrze\u015bnia 2016 r. zainaugurowali\u015bmy w naszej szkole Sezon Turystyczny 2016\/2017. W pierwszym w tym roku szkolnym rajdzie turystycznym wzi\u0119li udzia\u0142: ze Szko\u0142y podstawowej nr 7, tury\u015bci z SKKT pod opieka p. Jana Oko\u0144skiego, i dzieciaczki z klasy 3b pani Magdaleny Lichwy, oraz m\u0142odzi tury\u015bci p. Ireny Caryk ze \u015awietlicy \u015arodowiskowej, czyli razem w sile 38 m\u0142odych adept\u00f3w turystyki g\u00f3rskiej!<\/p>\n<p>Trasa, jak na &#8222;pierwszy raz&#8221; nie by\u0142a wymagajaca i sprawi\u0142a dzieciom wiele rado\u015bci i satysfakcji. Nasza przygod\u0119 zacz\u0119li\u015bmy na Prze\u0142\u0119czy Jugowskiej, skad skierowali\u015bmy si\u0119 ku Koziemu Siod\u0142u. Niestety, niezbyt klarowne powietrze ogranicza\u0142o mo\u017cliwo\u015b\u0107 podziwiania panoramy na Kollin\u0119 Dzier\u017coniowska i g\u00f3r\u0119 \u015al\u0119\u017c\u0119. Po dotarciu na Kozie Siod\u0142o robimy ma\u0142y odpoczynek. Jest to r\u00f3wnie\u017c czas na &#8222;ma\u0142e co nieco&#8221;. Na\u0142adowani energia trasa turystycznego szlaku poda\u017camy ku Wielkiej Sowie. Naszej w\u0119dr\u00f3wce towarzyszy dobry humor i ciekawo\u015b\u0107 miejsca, gdzie jeste\u015bmy. Wita nas Wielka Sowa (1015 m n.p.m.). Ma\u0142y odpoczynek, degustacja prowiantu i mamy czas na eksploracj\u0119 okolicy. Sklep z pamiatkami &#8211; to podstawa. Za rada &#8222;starszych&#8221;, dzieci dokonuja przemy\u015blanych zakup\u00f3w pamiatek, a dzieci z 3b z p. M. Lichwa wchodza na wie\u017c\u0119, by m\u00f3c na w\u0142asnej sk\u00f3rze poczu\u0107 &#8222;Ducha Wielkiej Sowy&#8221;. Czas w drog\u0119. \u017b\u00f3\u0142tym szlakiem kierujemy si\u0119 w stron\u0119 Ma\u0142ej Sowy (972m n.p.m.), by nasza, sobotnia w\u0119dr\u00f3wk\u0119 zako\u0144czy\u0107 na Prze\u0142\u0119czy Walimskiej. \u017beby tradycji sta\u0142o si\u0119 zado\u015b\u0107, ko\u0144czymy ogniskiem i pieczeniem kie\u0142basek. Smakuja one wybornie! No i sta\u0142o si\u0119 ;-( Wisia\u0142o i spad\u0142o! Ostatnie chwile na prze\u0142\u0119czy sp\u0119dzamy w strugach deszczu czekajac na autokar.<\/p>\n<p>Z turystycznym pozdrowieniem.<\/p>\n","protected":false},"excerpt":{"rendered":"<p>W dniu 17 wrze\u015bnia 2016 r. zainaugurowali\u015bmy w naszej szkole Sezon Turystyczny 2016\/2017. W pierwszym w tym roku szkolnym rajdzie turystycznym wzi\u0119li udzia\u0142: ze Szko\u0142y podstawowej nr 7, tury\u015bci z SKKT pod opieka p. Jana Oko\u0144skiego, i dzieciaczki z klasy 3b pani Magdaleny Lichwy, oraz m\u0142odzi tury\u015bci p. Ireny Caryk ze \u015awietlicy \u015arodowiskowej, czyli razem [&hellip;]<\/p>\n","protected":false},"author":141,"featured_media":0,"comment_status":"closed","ping_status":"closed","sticky":false,"template":"","format":"standard","meta":{"ngg_post_thumbnail":0,"footnotes":""},"categories":[],"tags":[],"class_list":["post-3432","post","type-post","status-publish","format-standard","hentry"],"_links":{"self":[{"href":"https:\/\/kolo-nowaruda.klodzko.pttk.pl\/index.php\/wp-json\/wp\/v2\/posts\/3432","targetHints":{"allow":["GET"]}}],"collection":[{"href":"https:\/\/kolo-nowaruda.klodzko.pttk.pl\/index.php\/wp-json\/wp\/v2\/posts"}],"about":[{"href":"https:\/\/kolo-nowaruda.klodzko.pttk.pl\/index.php\/wp-json\/wp\/v2\/types\/post"}],"author":[{"embeddable":true,"href":"https:\/\/kolo-nowaruda.klodzko.pttk.pl\/index.php\/wp-json\/wp\/v2\/users\/141"}],"replies":[{"embeddable":true,"href":"https:\/\/kolo-nowaruda.klodzko.pttk.pl\/index.php\/wp-json\/wp\/v2\/comments?post=3432"}],"version-history":[{"count":0,"href":"https:\/\/kolo-nowaruda.klodzko.pttk.pl\/index.php\/wp-json\/wp\/v2\/posts\/3432\/revisions"}],"wp:attachment":[{"href":"https:\/\/kolo-nowaruda.klodzko.pttk.pl\/index.php\/wp-json\/wp\/v2\/media?parent=3432"}],"wp:term":[{"taxonomy":"category","embeddable":true,"href":"https:\/\/kolo-nowaruda.klodzko.pttk.pl\/index.php\/wp-json\/wp\/v2\/categories?post=3432"},{"taxonomy":"post_tag","embeddable":true,"href":"https:\/\/kolo-nowaruda.klodzko.pttk.pl\/index.php\/wp-json\/wp\/v2\/tags?post=3432"}],"curies":[{"name":"wp","href":"https:\/\/api.w.org\/{rel}","templated":true}]}}