{"id":3433,"date":"2016-09-25T00:00:00","date_gmt":"2016-09-24T22:00:00","guid":{"rendered":""},"modified":"-0001-11-30T00:00:00","modified_gmt":"-0001-11-29T22:00:00","slug":"gss-czxii-gwarkowie-szosa-szli-czyli-na-xii-odcinku-gss","status":"publish","type":"post","link":"https:\/\/kolo-nowaruda.klodzko.pttk.pl\/index.php\/2016\/09\/25\/gss-czxii-gwarkowie-szosa-szli-czyli-na-xii-odcinku-gss\/","title":{"rendered":"<img src=\"images\/stories\/szlak_czerwony.png\"> (cz.XII) Gwarkowie Szosa Szli, czyli na XII odcinku GSS"},"content":{"rendered":"<p>Jak zapowiedzieli\u015bmy, tak zrobili\u015bmy. W s\u0142oneczna, ale nieco ch\u0142odna niedziel\u0119 25 wrze\u015bnia 2016r. 18-osobowa grupa noworudzkich &#8222;Gwark\u00f3w&#8221; ruszy\u0142a na kolejny odcinek &#8222;G\u0142\u00f3wnego Szlaku Sudeckiego&#8221;, w G\u00f3rach Orlickich. Niestrudzonych zdobywc\u00f3w szlaku poprowadzili: Honorowy Przodownik Turystyki G\u00f3rskiej, kol. Czes\u0142aw Dominas oraz aspirant przodownicki, kol. Witold Telus.<\/p>\n<p><strong>Si\u0142a tradycji.<\/strong><\/p>\n<p>Poczatek naszej w\u0119dr\u00f3wki to Park Zdrojowy w Dusznikach Zdroju, gdzie niedawno zako\u0144czyli\u015bmy etap XI w\u0119dr\u00f3wki. Nasz niezawodny fotograf, Przodownik Turystyki G\u00f3rskiej oraz mistrz fotografii ptak\u00f3w wszelakich, kol. Edward Lada wykona\u0142 tradycyjne, pamiatkowe zdj\u0119cie startowe.<\/p>\n<p><strong>Mocny wycisk.<\/strong><\/p>\n<p>Nie wiem czy wszyscy lubia takie &#8222;klimaty&#8221;, ale od Parku Zdrojowego w Dusznikach szlak wspina si\u0119 naprawd\u0119 stromo, pokonujac zakosami zbocze Gajowej (892 m.n.p.m). Trudno si\u0119 dziwi\u0107, \u017ce cz\u0119\u015b\u0107 naszych uczestnik\u00f3w poczu\u0142a &#8222;w mi\u0119\u015bniach&#8221; to podej\u015bcie. Dopiero na Jamrozowej Polanie mo\u017cna by\u0142o chwil\u0119 odetchna\u0107. Jamrozowa Polana s\u0142ynie z o\u015brodka sport\u00f3w zimowych, a tak\u017ce z lokalnego browaru, kt\u00f3ry tym razem &#8211; niestety &#8211; by\u0142 zamkni\u0119ty. C\u00f3\u017c by\u0142o robi\u0107 &#8211; nikt nas nie chce ugo\u015bci\u0107, wi\u0119c idziemy dalej &#8211; kolejnym podej\u015bciem do Koziej Hali. To pi\u0119kne miejsce nad Dusznikami, kt\u00f3re swoja nazw\u0119 zawdzi\u0119cza XIX-wiecznej &#8222;modzie&#8221; na leczenie kuracjuszy kozim mlekiem i jego przetworami. Mnogo\u015b\u0107 kozich stad spowodowa\u0142a, \u017ce stopniowo wyrasta\u0142y tu domki w stylu szwajcarskim, oferujace turystom &#8211; opr\u00f3cz koziego mleka i ser\u00f3w &#8211; tak\u017ce inne posi\u0142ki i napoje, a nawet noclegi. Mijali\u015bmy po drodze wiele takich zabudowa\u0107, w tym budynek, kt\u00f3ry kiedy\u015b by\u0142 schroniskiem PTT &#8222;Kozicowa Hala&#8221;. (Dzi\u015b jest to Dom Wczasowy &#8222;Korund&#8221; &#8211; informacja dzi\u0119ki kol. Markowi Ga\u0142owskiemu).<\/p>\n<p><strong>Polityczny asfalt.<\/strong><\/p>\n<p>Od Koziej Hali zaczyna si\u0119 najbardziej m\u0119czaca cz\u0119\u015b\u0107 trasy &#8211; asfaltowa droga w kierunku Mi\u0119dzylesia. W wielu przewodnikach nazywany przekornie &#8222;asfaltem im. dr. M. Or\u0142owicza&#8221;. Ten, do\u015b\u0107 absurdalny, wariant to efekt politycznych przepychanek w latach czterdziestych pomi\u0119dzy turystami i wojskami ochrony pogranicza. Szlak prowadzi tu tu\u017c przy granicy czeskiej, zatem istnia\u0142y tu wzmo\u017cone patrole s\u0142u\u017cb granicznych. Oczywi\u015bcie turysta w\u0119drujacy dobrze widoczna droga jest \u0142atwy w kontroli, w przypadku wej\u015bcia na strome zbocza Orlicy i kluczenia mi\u0119dzy drzewami sprawa staje si\u0119 &#8222;politycznie podejrzana&#8221;. Nie zezwolono na przeniesienie szlaku w bardziej &#8222;g\u00f3rskie&#8221; \u015bcie\u017cki. Ten stan rzeczy pr\u00f3bowano zmieni\u0107 w latach pi\u0119\u0107dziesiatych, ale tym razem nie by\u0142o zgody&#8230; turyst\u00f3w! Ci &#8222;do\u015bwiadczeni&#8221; uznali, \u017ce tradycyjny przebieg szlaku jest dobry i nie nale\u017cy tego zmienia\u0107, bo wszyscy si\u0119 przyzwyczaili.<\/p>\n<p>Dzi\u015b polityka w tym rejonie &#8211; przynajmniej z pozoru &#8211; nie wchodzi turystom w drog\u0119, ale szlak jak jest tak jest na szosie i nie ma zbyt wielu ch\u0119tnych aby ten stan rzeczy zmienia\u0107. To do\u015b\u0107 dziwne, bo w okolicy jest sporo le\u015bnych \u015bcie\u017cek, kt\u00f3re mog\u0142yby da\u0107 turystom bezpieczne i wygodne przej\u015bcie. Tym razem jednak do g\u0142osu dochodzi kolejny &#8222;sp\u00f3r graniczny&#8221;, bo o stan szlak\u00f3w i ich przebieg dbaja tu dwie rywalizujace grupy znakarskie. Czyli polityka, ale na zupe\u0142nie innym poziomie.<\/p>\n<p><strong>Polsko &#8211; czeskie labirynty szlak\u00f3w.<br \/><\/strong><\/p>\n<p>Mo\u017cna nieco zmieni\u0107 tras\u0119 i wybra\u0107 bardziej &#8222;honorowy&#8221; przebieg &#8211; szlakiem zielonym na najwy\u017cszy szczyt polskiej cz\u0119\u015bci Sudet\u00f3w \u015arodkowych &#8211; Orlic\u0119 (1084 m.n.p.m), z wykorzystaniem tak\u017ce czeskiej sieci szlak\u00f3w, albo i\u015b\u0107 dalej szosa u podn\u00f3\u017ca &#8222;Kr\u00f3lowej Ziele\u0144ca&#8221;. Amatorom pierwszej wersji zalecam du\u017ca ostro\u017cno\u015b\u0107. Przepychanki polityczno-znakarskie na tym terenie skutkuja nieoczekiwanym przebiegiem polskiego szlaku. Na mapach wskazano doj\u015bcie na sam szczyt, kt\u00f3ry le\u017cy po czeskiej stronie, a w rzeczywisto\u015bci szlak omija wierzcho\u0142ek. Za punktem widokowym na parkingu pod So\u0142tysia Kopa (896m.n.p.m.) nale\u017cy zej\u015b\u0107 na szlak zielony, a przy samej granicy trzeba zej\u015b\u0107 na nieoznakowana drog\u0119 i dotrze\u0107 nia do szczytu, a potem &#8211; r\u00f3wnie\u017c nieoznakowana droga &#8211; wr\u00f3ci\u0107 na polska stron\u0119. Uwa\u017cny obserwator dostrze\u017ce jednak \u015blady polskich znak\u00f3w na czeskiej stronie, kt\u00f3re zosta\u0142y w wi\u0119kszo\u015bci zamazane. Zar\u0119czam, \u017ce historia tej \u015bcie\u017cki jest niez\u0142ym materia\u0142em na reporta\u017c polityczno-turystyczny.<\/p>\n<p><strong>Asfalt, ale ju\u017c zupe\u0142nie nie polityczny.<\/strong><\/p>\n<p>Z Orlicy mo\u017cna zej\u015b\u0107 zn\u00f3w do drogi (o ile wcze\u015bniej ju\u017c si\u0119 na niej nie by\u0142o). Dalej to ju\u017c pierwsze zabudowania Ziele\u0144ca i widoki na kolejne nowe inwestycje o charakterze narciarskim &#8211; nowe stoki, wyciagi, a nawet kolejka linowa. Nie brakuje miejsc z ciep\u0142ym posi\u0142kiem i napojami. My &#8211; rasowi tury\u015bci &#8211; wybrali\u015bmy oczywi\u015bcie schronisko PTTK &#8222;Orlica&#8221;, gdzie mogli\u015bmy zregenerowa\u0107 si\u0142y, zje\u015b\u0107 co\u015b i wypi\u0107. Osobi\u015bcie polecam tamtejszy \u017curek. Po wizycie w schronisku trzeba jednak wr\u00f3ci\u0107 na m\u0119czacy asfalt i w\u0119drowa\u0107 nim d\u0142ugie kilometry. Ten fragment prowadzi szosa chyba tylko &#8222;z rozp\u0119du&#8221;, bo tym razem mo\u017cna oglada\u0107 po lewej stronie ca\u0142kiem powa\u017cny kompleks le\u015bny, w kt\u00f3rym zapewne nie brak zacienionych \u015bcie\u017cek, kt\u00f3re swobodnie nadawa\u0142yby si\u0119 na tak powa\u017cna tras\u0119. A tak trzeba co chwila uskakiwa\u0107 przed motocyklami i samochodami, kt\u00f3re &#8211; wykorzystujac niedawny remont tej drogi &#8211; potrafia p\u0119dzi\u0107 tam z ogromna szybko\u015bcia.<\/p>\n<p><strong>Wreszcie Las\u00f3wka.<\/strong><\/p>\n<p>Po kr\u00f3tkim odpoczynku na polu biwakowym na poczatku Las\u00f3wki docieramy &#8211; mocno zm\u0119czeni &#8211; do ko\u015bcio\u0142a w Las\u00f3wce. Tu &#8211; przy w\u0119\u017ale z nowym szlakiem niebieskim prowadzacym na czeska stron\u0119 &#8211; ko\u0144czymy wycieczk\u0119. Z ulga zajmujemy miejsca w busie i wracamy do domu. Wr\u00f3cimy tam na kolejny, XIII etap GSS, tym razem prowadzacy a\u017c do D\u0142ugopola Zdroju. Zapraszamy ju\u017c dzi\u015b na w\u0119drowanie z &#8222;Noworudzkim Gwarkami&#8221;!<\/p>\n<p><em>(tekst: Witold Telus, zdj\u0119cia: Edward Lada)<\/em><\/p>\n<p><strong>Wz\u00f3r wype\u0142nienia ksia\u017ceczki GOT:<\/strong><\/p>\n<table border=\"0\" frame=\"box\" rules=\"all\">\n<tbody>\n<tr>\n<td>\n<p>Data<br \/>odbycia<br \/>wycieczki<\/p>\n<\/td>\n<td>Trasa wycieczki<\/td>\n<td>Nr grupy<br \/>g\u00f3rskiej<br \/>wg reg. GOT<\/td>\n<td>Punkt\u00f3w<br \/>wg reg.<br \/>GOT<\/td>\n<td>Czy<br \/>przodownik<br \/>by\u0142 obecny<\/td>\n<td>Podpis i nr legitymacji<br \/>przodownika turystyki<br \/>g\u00f3rskiej<\/td>\n<\/tr>\n<tr>\n<td>25.09.2016<\/td>\n<td>Duszniki Zdr\u00f3j-Kozia Hala<\/td>\n<td>S.14<\/td>\n<td>7<\/td>\n<td>tak<\/td>\n<td><\/td>\n<\/tr>\n<tr>\n<td>25.09.2016<\/td>\n<td>Kozia Hala-Podg\u00f3rze<\/td>\n<td>S.14<\/td>\n<td>2<\/td>\n<td>tak<\/td>\n<td><\/td>\n<\/tr>\n<tr>\n<td>25.09.2016<\/td>\n<td>Podg\u00f3rze-So\u0142tysia Kopa<\/td>\n<td>S.14<\/td>\n<td>3<\/td>\n<td>tak<\/td>\n<td><\/td>\n<\/tr>\n<tr>\n<td><span style=\"background-color: #00ff00;\">25.09.2016<\/span><\/td>\n<td><span style=\"background-color: #00ff00;\">[GOT] So\u0142tysia Kopa-Orlica<\/span><\/td>\n<td><span style=\"background-color: #00ff00;\">S.14<\/span><\/td>\n<td><span style=\"background-color: #00ff00;\">4<\/span><\/td>\n<td><span style=\"background-color: #00ff00;\">tak<\/span><\/td>\n<td><span style=\"background-color: #00ff00;\"> <\/span><\/td>\n<\/tr>\n<tr>\n<td><span style=\"background-color: #00ff00;\">25.09.2016<\/span><\/td>\n<td><span style=\"background-color: #00ff00;\">[GOT] Orlica-Schr. PTTK Zieleniec<\/span><\/td>\n<td><span style=\"background-color: #00ff00;\">S.14<\/span><\/td>\n<td><span style=\"background-color: #00ff00;\">3<\/span><\/td>\n<td><span style=\"background-color: #00ff00;\">tak<\/span><\/td>\n<td><span style=\"background-color: #00ff00;\"> <\/span><\/td>\n<\/tr>\n<tr>\n<td><span style=\"background-color: #ff8080;\">25.09.2016<\/span><\/td>\n<td><span style=\"background-color: #ff8080;\">[GSS] So\u0142tysia Kopa-Schr. PTTk Zieleniec<\/span><\/td>\n<td><span style=\"background-color: #ff8080;\">S.14<\/span><\/td>\n<td><span style=\"background-color: #ff8080;\">6<\/span><\/td>\n<td><span style=\"background-color: #ff8080;\">tak<\/span><\/td>\n<td><\/td>\n<\/tr>\n<tr>\n<td>25.09.2016<\/td>\n<td>Schr. PTTK Zieleniec-rozdro\u017ce pod Hutnicza Kopa<\/td>\n<td>S.14<\/td>\n<td>4<\/td>\n<td>tak<\/td>\n<td><\/td>\n<\/tr>\n<tr>\n<td>25.09.2016<\/td>\n<td>rozdro\u017ce pod Hutnicza Kopa-Las\u00f3wka<\/td>\n<td>S.14<\/td>\n<td>5<\/td>\n<td>tak<\/td>\n<td><\/td>\n<\/tr>\n<\/tbody>\n<\/table>\n<p>(wpisy oznaczone kolorem zielonym i kodem [GOT] dotycza wariantu przez szczyt Orlicy, wpis oznaczony kolorem czerwonym i kodem [GSS] dotyczy wariantu szlakiem czerwonym. Nale\u017cy wpisa\u0107 tylko jeden z tych wariant\u00f3w (!) ).<\/p>\n","protected":false},"excerpt":{"rendered":"<p>Jak zapowiedzieli\u015bmy, tak zrobili\u015bmy. W s\u0142oneczna, ale nieco ch\u0142odna niedziel\u0119 25 wrze\u015bnia 2016r. 18-osobowa grupa noworudzkich &#8222;Gwark\u00f3w&#8221; ruszy\u0142a na kolejny odcinek &#8222;G\u0142\u00f3wnego Szlaku Sudeckiego&#8221;, w G\u00f3rach Orlickich. Niestrudzonych zdobywc\u00f3w szlaku poprowadzili: Honorowy Przodownik Turystyki G\u00f3rskiej, kol. Czes\u0142aw Dominas oraz aspirant przodownicki, kol. Witold Telus. Si\u0142a tradycji. Poczatek naszej w\u0119dr\u00f3wki to Park Zdrojowy w Dusznikach Zdroju, [&hellip;]<\/p>\n","protected":false},"author":141,"featured_media":0,"comment_status":"closed","ping_status":"closed","sticky":false,"template":"","format":"standard","meta":{"ngg_post_thumbnail":0,"footnotes":""},"categories":[],"tags":[],"class_list":["post-3433","post","type-post","status-publish","format-standard","hentry"],"_links":{"self":[{"href":"https:\/\/kolo-nowaruda.klodzko.pttk.pl\/index.php\/wp-json\/wp\/v2\/posts\/3433","targetHints":{"allow":["GET"]}}],"collection":[{"href":"https:\/\/kolo-nowaruda.klodzko.pttk.pl\/index.php\/wp-json\/wp\/v2\/posts"}],"about":[{"href":"https:\/\/kolo-nowaruda.klodzko.pttk.pl\/index.php\/wp-json\/wp\/v2\/types\/post"}],"author":[{"embeddable":true,"href":"https:\/\/kolo-nowaruda.klodzko.pttk.pl\/index.php\/wp-json\/wp\/v2\/users\/141"}],"replies":[{"embeddable":true,"href":"https:\/\/kolo-nowaruda.klodzko.pttk.pl\/index.php\/wp-json\/wp\/v2\/comments?post=3433"}],"version-history":[{"count":0,"href":"https:\/\/kolo-nowaruda.klodzko.pttk.pl\/index.php\/wp-json\/wp\/v2\/posts\/3433\/revisions"}],"wp:attachment":[{"href":"https:\/\/kolo-nowaruda.klodzko.pttk.pl\/index.php\/wp-json\/wp\/v2\/media?parent=3433"}],"wp:term":[{"taxonomy":"category","embeddable":true,"href":"https:\/\/kolo-nowaruda.klodzko.pttk.pl\/index.php\/wp-json\/wp\/v2\/categories?post=3433"},{"taxonomy":"post_tag","embeddable":true,"href":"https:\/\/kolo-nowaruda.klodzko.pttk.pl\/index.php\/wp-json\/wp\/v2\/tags?post=3433"}],"curies":[{"name":"wp","href":"https:\/\/api.w.org\/{rel}","templated":true}]}}