{"id":3439,"date":"2016-10-23T00:00:00","date_gmt":"2016-10-22T22:00:00","guid":{"rendered":""},"modified":"-0001-11-30T00:00:00","modified_gmt":"-0001-11-29T22:00:00","slug":"gwarkowie-u-pradziada","status":"publish","type":"post","link":"https:\/\/kolo-nowaruda.klodzko.pttk.pl\/index.php\/2016\/10\/23\/gwarkowie-u-pradziada\/","title":{"rendered":"Gwarkowie u Pradziada"},"content":{"rendered":"<p>Na pomys\u0142 naszego Przewodnika Sudeckiego, Pana Andrzeja Behana, wyjazdu do Wysokiego Jesionika zg\u0142osili si\u0119 Noworudzcy Gwarkowie z przyjaci\u00f3\u0142mi oraz AniKije grupa Ani Szczepan z NUTW.<\/p>\n<p>23 pa\u017adziernika 2016 &#8211; po drodze szybko autokarem zwiedzamy Paczk\u00f3w, czyli polskie Carcassonne, z pi\u0119knie zachowanymi murami obronnymi, dalej czeski Javornik z zamkiem Jansky Vrch, letnia rezydencj\u0119 wroc\u0142awskich biskup\u00f3w. Po dojechaniu do Karlovej Studenki, uzdrowiska s\u0142ynnego z w\u00f3d szczawiowych (charakterystyczny zapach siarkowodoru), startujemy \u017c\u00f3\u0142tym szlakiem wzd\u0142u\u017c rezerwatu Bia\u0142ej Opawy. Podziwiali\u015bmy pi\u0119kne wodospady, liczne kaskady, mostki, ska\u0142ki, drabinki, szum czystej, bystrej rzeki. Tak doszli\u015bmy do rozdro\u017ca U Barborky, gdzie mieli\u015bmy kr\u00f3tki odpoczynek przed dalsza w\u0119dr\u00f3wka. Droga na szczyt up\u0142yn\u0119\u0142a ju\u017c przy silnym wietrze i g\u0119stej mgle. Praded (Altvater, Pradziad- dawniej Pradziadek) 1491,3 m npm najwy\u017cszy szczyt Sudet\u00f3w Wschodnich i Moraw, jest g\u0142\u00f3wnym celem naszej w\u0119dr\u00f3wki. Na szczycie stoi budowana w 1977-83 r. wie\u017ca rtv o wysoko\u015bci 146,5 m (poczatkowo mia\u0142a 162m), a po wyjechaniu winda (koszt 80 koron) na 73 metr jest wybitny punkt widokowy. Szczyt wie\u017cy jest na 1637,5 m npm czyli jest to najwy\u017cszy po\u0142o\u017cony punkt w ca\u0142ych Sudetach. Niestety mg\u0142a pokrzy\u017cowa\u0142a nam plany widokowe, wi\u0119c nic nie pozosta\u0142o nam jak dotrze\u0107 z powrotem do Karlovej Studenki. Dali\u015bmy sobie postanowienie powrotu tu przy sprzyjajacej pogodzie. Dzi\u0119kujemy wszystkim uczestnikom oraz naszemu Panu Przewodnikowi za udany wypad.<\/p>\n<p><strong>Wz\u00f3r wype\u0142nienia ksia\u017ceczki GOT:<\/strong><\/p>\n<table border=\"0\" frame=\"box\" rules=\"all\">\n<tbody>\n<tr>\n<td>\n<p>Data<br \/>odbycia<br \/>wycieczki<\/p>\n<\/td>\n<td>Trasa wycieczki<\/td>\n<td>Nr grupy<br \/>g\u00f3rskiej<br \/>wg reg. GOT<\/td>\n<td>Punkt\u00f3w<br \/>wg reg.<br \/>GOT<\/td>\n<td>Czy<br \/>przodownik<br \/>by\u0142 obecny<\/td>\n<td>Podpis i nr legitymacji<br \/>przodownika turystyki<br \/>g\u00f3rskiej<\/td>\n<\/tr>\n<tr>\n<td>23.10.2016<\/td>\n<td>Karlova Studanka-U Barborky<br \/>(5 km, 500m)<\/td>\n<td>Czechy<\/td>\n<td>10<\/td>\n<td>tak<\/td>\n<td><\/td>\n<\/tr>\n<tr>\n<td>23.10.2016<\/td>\n<td>U Barborky-Praded<br \/>(3 km, 200m)<\/td>\n<td>Czechy<\/td>\n<td>5<\/td>\n<td>tak<\/td>\n<td><\/td>\n<\/tr>\n<tr>\n<td>23.10.2016<\/td>\n<td>Praded-U Barborky<br \/>(3 km)<\/td>\n<td>Czechy<\/td>\n<td>3<\/td>\n<td>tak<\/td>\n<td><\/td>\n<\/tr>\n<tr>\n<td>23.10.2016<\/td>\n<td>U Barborky-Karlova Studanka<br \/>(5 km)<\/td>\n<td>Czechy<\/td>\n<td>5<\/td>\n<td>tak<\/td>\n<td><\/td>\n<\/tr>\n<\/tbody>\n<\/table>\n","protected":false},"excerpt":{"rendered":"<p>Na pomys\u0142 naszego Przewodnika Sudeckiego, Pana Andrzeja Behana, wyjazdu do Wysokiego Jesionika zg\u0142osili si\u0119 Noworudzcy Gwarkowie z przyjaci\u00f3\u0142mi oraz AniKije grupa Ani Szczepan z NUTW. 23 pa\u017adziernika 2016 &#8211; po drodze szybko autokarem zwiedzamy Paczk\u00f3w, czyli polskie Carcassonne, z pi\u0119knie zachowanymi murami obronnymi, dalej czeski Javornik z zamkiem Jansky Vrch, letnia rezydencj\u0119 wroc\u0142awskich biskup\u00f3w. Po [&hellip;]<\/p>\n","protected":false},"author":141,"featured_media":0,"comment_status":"closed","ping_status":"closed","sticky":false,"template":"","format":"standard","meta":{"ngg_post_thumbnail":0,"footnotes":""},"categories":[],"tags":[],"class_list":["post-3439","post","type-post","status-publish","format-standard","hentry"],"_links":{"self":[{"href":"https:\/\/kolo-nowaruda.klodzko.pttk.pl\/index.php\/wp-json\/wp\/v2\/posts\/3439","targetHints":{"allow":["GET"]}}],"collection":[{"href":"https:\/\/kolo-nowaruda.klodzko.pttk.pl\/index.php\/wp-json\/wp\/v2\/posts"}],"about":[{"href":"https:\/\/kolo-nowaruda.klodzko.pttk.pl\/index.php\/wp-json\/wp\/v2\/types\/post"}],"author":[{"embeddable":true,"href":"https:\/\/kolo-nowaruda.klodzko.pttk.pl\/index.php\/wp-json\/wp\/v2\/users\/141"}],"replies":[{"embeddable":true,"href":"https:\/\/kolo-nowaruda.klodzko.pttk.pl\/index.php\/wp-json\/wp\/v2\/comments?post=3439"}],"version-history":[{"count":0,"href":"https:\/\/kolo-nowaruda.klodzko.pttk.pl\/index.php\/wp-json\/wp\/v2\/posts\/3439\/revisions"}],"wp:attachment":[{"href":"https:\/\/kolo-nowaruda.klodzko.pttk.pl\/index.php\/wp-json\/wp\/v2\/media?parent=3439"}],"wp:term":[{"taxonomy":"category","embeddable":true,"href":"https:\/\/kolo-nowaruda.klodzko.pttk.pl\/index.php\/wp-json\/wp\/v2\/categories?post=3439"},{"taxonomy":"post_tag","embeddable":true,"href":"https:\/\/kolo-nowaruda.klodzko.pttk.pl\/index.php\/wp-json\/wp\/v2\/tags?post=3439"}],"curies":[{"name":"wp","href":"https:\/\/api.w.org\/{rel}","templated":true}]}}