{"id":3441,"date":"2016-10-29T00:00:00","date_gmt":"2016-10-28T22:00:00","guid":{"rendered":""},"modified":"-0001-11-30T00:00:00","modified_gmt":"-0001-11-29T22:00:00","slug":"lepiej-wejsc-niz-zejsc","status":"publish","type":"post","link":"https:\/\/kolo-nowaruda.klodzko.pttk.pl\/index.php\/2016\/10\/29\/lepiej-wejsc-niz-zejsc\/","title":{"rendered":"Lepiej wej\u015b\u0107, ni\u017c zej\u015b\u0107"},"content":{"rendered":"<p>Ostatnia sobota pa\u017adziernika 2016 r. by\u0142a dla Noworudzkich Gwark\u00f3w wa\u017cnym sprawdzianem, bo w planie by\u0142o zdobycie najwy\u017cszych szczyt\u00f3w G\u00f3r Suchych (po stronie czeskiej i polskiej) &#8211; Ruprechtickiego Spicaka i Walig\u00f3ry.<\/p>\n<p>Startujemy w Radosnej, troch\u0119 dzi\u015b zapomnianej cz\u0119\u015bci \u0141omnicy , a pierwsza wzmianka o niej pochodzi z 1511, kiedy staje si\u0119 w\u0142asno\u015bcia Conrada von Hochberga z Ksia\u017ca. W po\u0142owie XVII wieku mistrz szklarski Preussler wybudowa\u0142 tu hut\u0119 szk\u0142a. Za stara le\u015bnicz\u00f3wka kierujemy si\u0119 na le\u015bna \u015bcie\u017ck\u0119, kt\u00f3ra dochodzimy do szlak\u00f3w: zielonego i niebieskiego, biegnacych granica pa\u0144stwa. Po chwili zdobywamy Ruprechticky Spicak (880 m npm), najwy\u017cszy szczyt czeskiej cz\u0119\u015bci G\u00f3r Suchych\u00a0 (czeska nazwa Javo\u0159\u00ed hory &#8211; czyli Jaworowe g\u00f3ry). Na szczycie stoi 32 m wie\u017ca widokowa, dzi\u015b z powodu silnych podmuch\u00f3w, sprawiajaca wra\u017cenie organ\u00f3w wiatrowych (efekt muzyki by\u0142 s\u0142yszalny ju\u017c z ok. 100 m). Podczas schodzenia z g\u00f3ry zdajemy pierwszy sprawdzian naszej sprawno\u015bci. Wej\u015bcie na Walig\u00f3r\u0119 (936 m npm), najwy\u017cszy szczyt polskiej cz\u0119\u015bci G\u00f3r Suchych, pokonujemy do\u015b\u0107 \u0142agodnym trawersem od zach. strony g\u00f3ry. Niestety szlak do Andrzej\u00f3wki z powodu nachylenia stoku i rumoszu i (czyli Golgota) wymaga\u0142a od nas zwi\u0119kszonej uwagi i ostro\u017cno\u015bci. Ca\u0142a grupa wymagajacy sprawdzian zaliczy\u0142a na sz\u00f3stk\u0119 z plusem, bez potkni\u0119\u0107 i upadk\u00f3w, wi\u0119c uczciwie mogli\u015bmy odpocza\u0107 w schronisku Andrzej\u00f3wka. Powrotna droga do Radosnej to ju\u017c &#8222;pestka\u201d, tylko r\u00f3wno i w d\u00f3\u0142. W \u0141omnicy jeszcze tylko wizyta w uroczej sma\u017calni pstrag\u00f3w, gdzie mi\u0142o zako\u0144czyli\u015bmy wypad.<\/p>\n<p>PS &#8211; na Spicaku spotkali\u015bmy czeskich turyst\u00f3w z Ostrawy, kt\u00f3rych chcemy goraco pozdrowi\u0107.<\/p>\n<p><em>E. Lada<\/em><\/p>\n<p><strong>Wz\u00f3r wype\u0142nienia ksia\u017ceczki GOT:<\/strong><\/p>\n<table border=\"0\" frame=\"box\" rules=\"all\">\n<tbody>\n<tr>\n<td>\n<p>Data<br \/>odbycia<br \/>wycieczki<\/p>\n<\/td>\n<td>Trasa wycieczki<\/td>\n<td>Nr grupy<br \/>g\u00f3rskiej<br \/>wg reg. GOT<\/td>\n<td>Punkt\u00f3w<br \/>wg reg.<br \/>GOT<\/td>\n<td>Czy<br \/>przodownik<br \/>by\u0142 obecny<\/td>\n<td>Podpis i nr legitymacji<br \/>przodownika turystyki<br \/>g\u00f3rskiej<\/td>\n<\/tr>\n<tr>\n<td>29.10.2016<\/td>\n<td>Radosna-Ruprechticky Spicak<br \/>(2km, 200m)<\/td>\n<td>S.09<\/td>\n<td>4<\/td>\n<td>tak<\/td>\n<td><\/td>\n<\/tr>\n<tr>\n<td>29.10.2016<\/td>\n<td>Ruprechticky Spicak-Granicznik<br \/>(1 km)<\/td>\n<td>S.09<\/td>\n<td>1<\/td>\n<td>tak<\/td>\n<td><\/td>\n<\/tr>\n<tr>\n<td>29.10.2016<\/td>\n<td>Granicznik-Walig\u00f3ra<br \/>(2km, 200m)<\/td>\n<td>S.09<\/td>\n<td>4<\/td>\n<td>tak<\/td>\n<td><\/td>\n<\/tr>\n<tr>\n<td>29.10.2016<\/td>\n<td>Walig\u00f3ra-Schr. PTTK &#8222;Andrzej\u00f3wka&#8221;<\/td>\n<td>S.09<\/td>\n<td>1<\/td>\n<td>tak<\/td>\n<td><\/td>\n<\/tr>\n<tr>\n<td>29.10.2016<\/td>\n<td>Schr. PTTK &#8222;Andrzej\u00f3wka&#8221;-Granicznik<\/td>\n<td>S.09<\/td>\n<td>2<\/td>\n<td>tak<\/td>\n<td><\/td>\n<\/tr>\n<tr>\n<td>29.10.2016<\/td>\n<td>Granicznik-Radosna<\/td>\n<td>S.09<\/td>\n<td>2<\/td>\n<td>tak<\/td>\n<td><\/td>\n<\/tr>\n<\/tbody>\n<\/table>\n","protected":false},"excerpt":{"rendered":"<p>Ostatnia sobota pa\u017adziernika 2016 r. by\u0142a dla Noworudzkich Gwark\u00f3w wa\u017cnym sprawdzianem, bo w planie by\u0142o zdobycie najwy\u017cszych szczyt\u00f3w G\u00f3r Suchych (po stronie czeskiej i polskiej) &#8211; Ruprechtickiego Spicaka i Walig\u00f3ry. Startujemy w Radosnej, troch\u0119 dzi\u015b zapomnianej cz\u0119\u015bci \u0141omnicy , a pierwsza wzmianka o niej pochodzi z 1511, kiedy staje si\u0119 w\u0142asno\u015bcia Conrada von Hochberga z [&hellip;]<\/p>\n","protected":false},"author":141,"featured_media":0,"comment_status":"closed","ping_status":"closed","sticky":false,"template":"","format":"standard","meta":{"ngg_post_thumbnail":0,"footnotes":""},"categories":[],"tags":[],"class_list":["post-3441","post","type-post","status-publish","format-standard","hentry"],"_links":{"self":[{"href":"https:\/\/kolo-nowaruda.klodzko.pttk.pl\/index.php\/wp-json\/wp\/v2\/posts\/3441","targetHints":{"allow":["GET"]}}],"collection":[{"href":"https:\/\/kolo-nowaruda.klodzko.pttk.pl\/index.php\/wp-json\/wp\/v2\/posts"}],"about":[{"href":"https:\/\/kolo-nowaruda.klodzko.pttk.pl\/index.php\/wp-json\/wp\/v2\/types\/post"}],"author":[{"embeddable":true,"href":"https:\/\/kolo-nowaruda.klodzko.pttk.pl\/index.php\/wp-json\/wp\/v2\/users\/141"}],"replies":[{"embeddable":true,"href":"https:\/\/kolo-nowaruda.klodzko.pttk.pl\/index.php\/wp-json\/wp\/v2\/comments?post=3441"}],"version-history":[{"count":0,"href":"https:\/\/kolo-nowaruda.klodzko.pttk.pl\/index.php\/wp-json\/wp\/v2\/posts\/3441\/revisions"}],"wp:attachment":[{"href":"https:\/\/kolo-nowaruda.klodzko.pttk.pl\/index.php\/wp-json\/wp\/v2\/media?parent=3441"}],"wp:term":[{"taxonomy":"category","embeddable":true,"href":"https:\/\/kolo-nowaruda.klodzko.pttk.pl\/index.php\/wp-json\/wp\/v2\/categories?post=3441"},{"taxonomy":"post_tag","embeddable":true,"href":"https:\/\/kolo-nowaruda.klodzko.pttk.pl\/index.php\/wp-json\/wp\/v2\/tags?post=3441"}],"curies":[{"name":"wp","href":"https:\/\/api.w.org\/{rel}","templated":true}]}}