{"id":3445,"date":"2016-11-11T00:00:00","date_gmt":"2016-11-10T22:00:00","guid":{"rendered":""},"modified":"-0001-11-30T00:00:00","modified_gmt":"-0001-11-29T22:00:00","slug":"dzien-niepodleglosci-we-wzgorzach-wlodzickich","status":"publish","type":"post","link":"https:\/\/kolo-nowaruda.klodzko.pttk.pl\/index.php\/2016\/11\/11\/dzien-niepodleglosci-we-wzgorzach-wlodzickich\/","title":{"rendered":"Dzie\u0144 Niepodleg\u0142o\u015bci we Wzg\u00f3rzach W\u0142odzickich"},"content":{"rendered":"<p>Brrr! &#8211; Ale zimno! W zimowej scenerii przysz\u0142o nam drepta\u0107 po Wzg\u00f3rzach W\u0142odzickich. Okazja do w\u0119drowania nie byle jaka, albowiem dzisiaj obchodzimy Narodowe \u015awi\u0119to Niepodleg\u0142o\u015bci.<\/p>\n<p>Zaopatrzeni w barwy narodowe (flagi, szaliki, kotyliony) ruszamy na tras\u0119. Grup\u0119 18 m\u0142odych zapale\u0144c\u00f3w prowadzi opiekun SKKT p. J.Oko\u0144ski, p.Irena Caryk z &#8222;ProPublicoBono&#8221; oraz rodzic jednego z m\u0142odych turyst\u00f3w. Aura nie sprzyja, ale zimowa sceneria dodaje uroku przestrzeni, w kt\u00f3rej si\u0119 poruszamy. Wyruszamy z Jawornika. Po niezbyt stromym podej\u015bciu, teraz idziemy grzbietem wzg\u00f3rz, skad rozciagaja si\u0119 przecudne widoki na m.in. G\u00f3ry Sowie, G\u00f3ry Bystrzyckie, G\u00f3r\u0119 \u015aw. Anny. Gdzie\u015b w dali majacza bielejace si\u0119 od \u015bniegu dachy wiejskich domk\u00f3w. Mijamy po drodze samotny przydro\u017cny krzy\u017c i trasa zielonego szlaku poda\u017camy ku najwy\u017cszemu wzniesieniu Wzg\u00f3rz W\u0142odzickich &#8211; W\u0142odzickiej G\u00f3rze (niem. K\u00f6nigswalder Spitzberg) o wysoko\u015bci 757 m n.p.m. Ko\u0144cza si\u0119 po\u0142oniny i wchodzimy do lasu. Teraz ostrym podej\u015bciem wspinamy si\u0119 ku celowi naszej w\u0119dr\u00f3wki. Po drodze docieramy do platformy widokowej. To wspania\u0142e miejsce na odpoczynek i przygotowanie paleniska. Teraz w cieple p\u0142omieni ogniska grzejemy si\u0119, suszymy r\u0119kawiczki i pieczemy kie\u0142baski. To ju\u017c nasza tradycja. Kie\u0142baski jak zwykle smakuja wybornie!!! Czas rusza\u0107 w drog\u0119, bo przecie\u017c mamy kibicowa\u0107 uczestnikom 5 G\u00f3rskiego Biegu Niepodleg\u0142o\u015bciowego. Jeszcze par\u0119 kroczk\u00f3w i meldujemy si\u0119 na szczycie W\u0142odzickiej G\u00f3ry. Wita nas o\u015bnie\u017cona ruina wie\u017cy widokowej. Mo\u017ce co\u015b, kiedy\u015b drgnie w tym miejscu i stanie si\u0119 ono atrakcja turystyczna o wi\u0119kszej popularno\u015bci? No i pojawiaja si\u0119 pierwsi biegacze. Nie szcz\u0119dzac garde\u0142, dopingujemy ich wysi\u0142ek i ambicj\u0119. Schodzimy do \u015awierk, a po drodze, co rusz mija nas kolejny zawodnik. Meldujemy si\u0119 na mecie. Spotyka nas tu niemi\u0142a &#8222;niespodzianka&#8221;, kt\u00f3ra pozostawia wielki niesmak i \u017cal. Jest nam przykro, \u017ce potraktowano nas tak ca\u0142kiem nieprofesjonalnie. No c\u00f3\u017c?! Najwa\u017cniejsze jednak, \u017ce wycieczka si\u0119 uda\u0142a i humory nas nie opuszcza\u0142y. Ju\u017c si\u0119 szykujemy na kolejne wyzwanie. W planie na kolejna sobot\u0119 mamy zwiedzanie Bystrzycy K\u0142odzkiej i Twierdzy w K\u0142odzku.<\/p>\n<p>Z turystycznym pozdrowieniem.<\/p>\n<p>SKKT SP7 Nowa Ruda.<\/p>\n","protected":false},"excerpt":{"rendered":"<p>Brrr! &#8211; Ale zimno! W zimowej scenerii przysz\u0142o nam drepta\u0107 po Wzg\u00f3rzach W\u0142odzickich. Okazja do w\u0119drowania nie byle jaka, albowiem dzisiaj obchodzimy Narodowe \u015awi\u0119to Niepodleg\u0142o\u015bci. Zaopatrzeni w barwy narodowe (flagi, szaliki, kotyliony) ruszamy na tras\u0119. Grup\u0119 18 m\u0142odych zapale\u0144c\u00f3w prowadzi opiekun SKKT p. J.Oko\u0144ski, p.Irena Caryk z &#8222;ProPublicoBono&#8221; oraz rodzic jednego z m\u0142odych turyst\u00f3w. Aura [&hellip;]<\/p>\n","protected":false},"author":141,"featured_media":0,"comment_status":"closed","ping_status":"closed","sticky":false,"template":"","format":"standard","meta":{"ngg_post_thumbnail":0,"footnotes":""},"categories":[],"tags":[],"class_list":["post-3445","post","type-post","status-publish","format-standard","hentry"],"_links":{"self":[{"href":"https:\/\/kolo-nowaruda.klodzko.pttk.pl\/index.php\/wp-json\/wp\/v2\/posts\/3445","targetHints":{"allow":["GET"]}}],"collection":[{"href":"https:\/\/kolo-nowaruda.klodzko.pttk.pl\/index.php\/wp-json\/wp\/v2\/posts"}],"about":[{"href":"https:\/\/kolo-nowaruda.klodzko.pttk.pl\/index.php\/wp-json\/wp\/v2\/types\/post"}],"author":[{"embeddable":true,"href":"https:\/\/kolo-nowaruda.klodzko.pttk.pl\/index.php\/wp-json\/wp\/v2\/users\/141"}],"replies":[{"embeddable":true,"href":"https:\/\/kolo-nowaruda.klodzko.pttk.pl\/index.php\/wp-json\/wp\/v2\/comments?post=3445"}],"version-history":[{"count":0,"href":"https:\/\/kolo-nowaruda.klodzko.pttk.pl\/index.php\/wp-json\/wp\/v2\/posts\/3445\/revisions"}],"wp:attachment":[{"href":"https:\/\/kolo-nowaruda.klodzko.pttk.pl\/index.php\/wp-json\/wp\/v2\/media?parent=3445"}],"wp:term":[{"taxonomy":"category","embeddable":true,"href":"https:\/\/kolo-nowaruda.klodzko.pttk.pl\/index.php\/wp-json\/wp\/v2\/categories?post=3445"},{"taxonomy":"post_tag","embeddable":true,"href":"https:\/\/kolo-nowaruda.klodzko.pttk.pl\/index.php\/wp-json\/wp\/v2\/tags?post=3445"}],"curies":[{"name":"wp","href":"https:\/\/api.w.org\/{rel}","templated":true}]}}