{"id":3451,"date":"2017-01-07T00:00:00","date_gmt":"2017-01-06T22:00:00","guid":{"rendered":""},"modified":"-0001-11-30T00:00:00","modified_gmt":"-0001-11-29T22:00:00","slug":"hu-hu-ha-nasza-zima-nie-taka-zla","status":"publish","type":"post","link":"https:\/\/kolo-nowaruda.klodzko.pttk.pl\/index.php\/2017\/01\/07\/hu-hu-ha-nasza-zima-nie-taka-zla\/","title":{"rendered":"Hu, hu, ha, nasza zima nie taka z\u0142a!"},"content":{"rendered":"<p>Pierwszy spacer 2017 roku zapowiada\u0142 si\u0119 mro\u017anie, rano by\u0142o \u2013 23\u00b0C, lecz Gwark\u00f3w nic nie jest w stanie wystraszy\u0107 i 7 stycznia wyruszamy spod MOK-u.<\/p>\n<p>Ulica Nowa Osada i dalej Pionier\u00f3w kierujemy si\u0119 do Bieganowa, wspinajac si\u0119 podziwiamy panoram\u0119 G\u00f3r Sowich, pi\u0119knie narysowana promieniami s\u0142o\u0144ca i silnego mrozu. Od ul Pionier\u00f3w do widok\u00f3w dochodza kolejno G\u00f3ry Bardzkie, G\u00f3ry Z\u0142ote, Masyw \u015anie\u017cnika, G\u00f3ry Orlickie i G\u00f3ry Sto\u0142owe. Za Pomnikiem mieszka\u0144c\u00f3w Bieganowa poleg\u0142ych w I Wojnie \u015awiatowej, przy starej gospodzie skr\u0119camy w kierunku Zag\u00f3rzyna, na wprost agroturystyki Krucza Dolina i Koko-Ryku (w\u0142a\u015bcicielk\u0119 Koko-Ryku akurat min\u0119li\u015bmy po drodze, (serdecznie pozdrawiamy i dzi\u0119kujemy za zaproszenie na herbatk\u0119). Tam podziwiamy oddalone Karkonosze z bia\u0142a \u015anie\u017cka, G\u00f3ry Suche z Ruprechtickim Spicakiem i dalej, mijajac Rancho Overo dochodzimy do naszego Olimpu, czyli G\u00f3ry \u015awi\u0119tej Anny. Po tradycyjnym ognisku schodzimy do centrum miasta najpierw \u017c\u00f3\u0142tym, potem zielonym szlakiem. Opr\u00f3cz widok\u00f3w g\u00f3r, by\u0142a r\u00f3wnie\u017c ptasia foto-uczta: gile, szczyg\u0142y, dzwo\u0144ce, trznadle, zi\u0119by &#8211; to tylko niekt\u00f3re z nich. Serdecznie zapraszamy na kolejne spacery, bo szkoda traci\u0107 takich urok\u00f3w zimy siedzac w domu.<\/p>\n<p><em>Edek Lada.<\/em><\/p>\n<p><strong>Wz\u00f3r wype\u0142nienia ksia\u017ceczki GOT:<\/strong><\/p>\n<table border=\"0\" frame=\"box\" rules=\"all\">\n<tbody>\n<tr>\n<td>\n<p>Data<br \/>odbycia<br \/>wycieczki<\/p>\n<\/td>\n<td>Trasa wycieczki<\/td>\n<td>Nr grupy<br \/>g\u00f3rskiej<br \/>wg reg. GOT<\/td>\n<td>Punkt\u00f3w<br \/>wg reg.<br \/>GOT<\/td>\n<td>Czy<br \/>przodownik<br \/>by\u0142 obecny<\/td>\n<td>Podpis i nr legitymacji<br \/>przodownika turystyki<br \/>g\u00f3rskiej<\/td>\n<\/tr>\n<tr>\n<td>07.01.2017<\/td>\n<td>Nowa Ruda-Zag\u00f3rzyn<br \/>(3km, 200m)<\/td>\n<td>S.11<\/td>\n<td>5<\/td>\n<td>tak<\/td>\n<td><\/td>\n<\/tr>\n<tr>\n<td>07.01.2017<\/td>\n<td>Zag\u00f3rzyn-G\u00f3ra \u015bw. Anny<br \/>(1km, 100m)<\/td>\n<td>S.11<\/td>\n<td>2<\/td>\n<td>tak<\/td>\n<td><\/td>\n<\/tr>\n<tr>\n<td>07.01.2017<\/td>\n<td>G\u00f3ra \u015bw. Anny-Nowa Ruda<br \/>(1km)<\/td>\n<td>S.11<\/td>\n<td>1<\/td>\n<td>tak<\/td>\n<td><\/td>\n<\/tr>\n<\/tbody>\n<\/table>\n","protected":false},"excerpt":{"rendered":"<p>Pierwszy spacer 2017 roku zapowiada\u0142 si\u0119 mro\u017anie, rano by\u0142o \u2013 23\u00b0C, lecz Gwark\u00f3w nic nie jest w stanie wystraszy\u0107 i 7 stycznia wyruszamy spod MOK-u. Ulica Nowa Osada i dalej Pionier\u00f3w kierujemy si\u0119 do Bieganowa, wspinajac si\u0119 podziwiamy panoram\u0119 G\u00f3r Sowich, pi\u0119knie narysowana promieniami s\u0142o\u0144ca i silnego mrozu. Od ul Pionier\u00f3w do widok\u00f3w dochodza kolejno [&hellip;]<\/p>\n","protected":false},"author":141,"featured_media":0,"comment_status":"closed","ping_status":"closed","sticky":false,"template":"","format":"standard","meta":{"ngg_post_thumbnail":0,"footnotes":""},"categories":[],"tags":[],"class_list":["post-3451","post","type-post","status-publish","format-standard","hentry"],"_links":{"self":[{"href":"https:\/\/kolo-nowaruda.klodzko.pttk.pl\/index.php\/wp-json\/wp\/v2\/posts\/3451","targetHints":{"allow":["GET"]}}],"collection":[{"href":"https:\/\/kolo-nowaruda.klodzko.pttk.pl\/index.php\/wp-json\/wp\/v2\/posts"}],"about":[{"href":"https:\/\/kolo-nowaruda.klodzko.pttk.pl\/index.php\/wp-json\/wp\/v2\/types\/post"}],"author":[{"embeddable":true,"href":"https:\/\/kolo-nowaruda.klodzko.pttk.pl\/index.php\/wp-json\/wp\/v2\/users\/141"}],"replies":[{"embeddable":true,"href":"https:\/\/kolo-nowaruda.klodzko.pttk.pl\/index.php\/wp-json\/wp\/v2\/comments?post=3451"}],"version-history":[{"count":0,"href":"https:\/\/kolo-nowaruda.klodzko.pttk.pl\/index.php\/wp-json\/wp\/v2\/posts\/3451\/revisions"}],"wp:attachment":[{"href":"https:\/\/kolo-nowaruda.klodzko.pttk.pl\/index.php\/wp-json\/wp\/v2\/media?parent=3451"}],"wp:term":[{"taxonomy":"category","embeddable":true,"href":"https:\/\/kolo-nowaruda.klodzko.pttk.pl\/index.php\/wp-json\/wp\/v2\/categories?post=3451"},{"taxonomy":"post_tag","embeddable":true,"href":"https:\/\/kolo-nowaruda.klodzko.pttk.pl\/index.php\/wp-json\/wp\/v2\/tags?post=3451"}],"curies":[{"name":"wp","href":"https:\/\/api.w.org\/{rel}","templated":true}]}}