{"id":3453,"date":"2017-01-14T00:00:00","date_gmt":"2017-01-13T22:00:00","guid":{"rendered":""},"modified":"-0001-11-30T00:00:00","modified_gmt":"-0001-11-29T22:00:00","slug":"przez-zasniezone-pola","status":"publish","type":"post","link":"https:\/\/kolo-nowaruda.klodzko.pttk.pl\/index.php\/2017\/01\/14\/przez-zasniezone-pola\/","title":{"rendered":"Przez za\u015bnie\u017cone pola"},"content":{"rendered":"<p>W sobot\u0119, 14 stycznia rano b\u0142ysn\u0119\u0142o na chwil\u0119 s\u0142o\u0144ce. Ale dzie\u0144 s\u0142oneczny niestety nie by\u0142. Nie przeszkodzi\u0142o to jednak 19-to osobowej grupie zimowych \u0142azik\u00f3w w wycieczce. Tak wi\u0119c spod punktu Informacji Turystycznej w Rynku pod przewodnictwem Przodownika Turystyki G\u00f3rskiej kol. Edwarda Soi zgodnym krokiem wyruszyli na tras\u0119 Gwarkowie i AniKije.<\/p>\n<p>Trasa wszystkim dobrze znana &#8211; ulica Podjazdowa, potem Piast\u00f3w (gdzie niekt\u00f3rzy zda\u017cyli jeszcze zaopatrzy\u0107 si\u0119 w kie\u0142baski na ognisko) i dalej ulica Cicha dotarli\u015bmy do Czarnego Mostu. Czarny Most, zbudowany w latach 1879- 1880 by\u0142 najwy\u017cszym (36 m od osi toru kolejowego do lustra wody potoku Woliborka) mostem kolejowym w \u00f3wczesnych Niemczech. Ulica Cicha doszli\u015bmy do S\u0142onecznej, mijajac Zak\u0142ad Wodociag\u00f3w i Kanalizacji, czyli dawny budynek urz\u0119du dawnej gminy Zacisze. Jeszcze kawa\u0142ek ulica S\u0142oneczna, a potem&#8230;&#8230;ju\u017c tylko za\u015bnie\u017cone pola. No &#8211; szlak trzeba by\u0142o przetrze\u0107, wi\u0119c d\u017centelme\u0144scy panowie poszli jako pierwsi. Nam, dziewczynom by\u0142o ju\u017c nieco \u0142atwiej, chocia\u017c nasze pomocne kije mocno chowa\u0142y si\u0119 w \u015bniegu. I tak sobie podziwiajac bia\u0142e pola i brnac w \u015bniegu, przeci\u0119li\u015bmy ulic\u0119 Ma\u0142a Kolonia i nieco zasapani, bo jakby by\u0142o troch\u0119 pod g\u00f3rk\u0119 i po \u015bniegu, dotarli\u015bmy do ulicy Ko\u0142owej. Stad ju\u017c tylko chwilka i zatrzymali\u015bmy si\u0119 przy starej le\u015bnicz\u00f3wce (jak mieszka\u0144cy nazywaja to miejsce), gdzie nad rozpalonym niewielkim ogniskiem upieczone zosta\u0142y kie\u0142baski. Kie\u0142baski smakowa\u0142y oczywi\u015bcie znakomicie. No bo po fajnym spacerze i w doborowym towarzystwie by\u0107 inaczej nie mog\u0142o. A jeszcze pojawi\u0142y si\u0119 jab\u0142uszka i kr\u00f3wki na deser. Dzi\u0119kujac sobie nawzajem za dzisiejszy wsp\u00f3lny spacer ju\u017c um\u00f3wili\u015bmy si\u0119 na kolejna zimowa wypraw\u0119 za tydzie\u0144.<\/p>\n<p>Zapraszamy z nami!<\/p>\n<p><em>Anna Szczepan <\/em><\/p>\n<p><strong>Wz\u00f3r wype\u0142nienia ksia\u017ceczki GOT:<\/strong><\/p>\n<table border=\"0\" frame=\"box\" rules=\"all\">\n<tbody>\n<tr>\n<td>\n<p>Data<br \/>odbycia<br \/>wycieczki<\/p>\n<\/td>\n<td>Trasa wycieczki<\/td>\n<td>Nr grupy<br \/>g\u00f3rskiej<br \/>wg reg. GOT<\/td>\n<td>Punkt\u00f3w<br \/>wg reg.<br \/>GOT<\/td>\n<td>Czy<br \/>przodownik<br \/>by\u0142 obecny<\/td>\n<td>Podpis i nr legitymacji<br \/>przodownika turystyki<br \/>g\u00f3rskiej<\/td>\n<\/tr>\n<tr>\n<td>14.01.2017<\/td>\n<td>Nowa Ruda-ul.Ko\u0142owa-Nowa Ruda<br \/>(6km, 100m)<\/td>\n<td>S.11<\/td>\n<td>7<\/td>\n<td>tak<\/td>\n<td><\/td>\n<\/tr>\n<\/tbody>\n<\/table>\n","protected":false},"excerpt":{"rendered":"<p>W sobot\u0119, 14 stycznia rano b\u0142ysn\u0119\u0142o na chwil\u0119 s\u0142o\u0144ce. Ale dzie\u0144 s\u0142oneczny niestety nie by\u0142. Nie przeszkodzi\u0142o to jednak 19-to osobowej grupie zimowych \u0142azik\u00f3w w wycieczce. Tak wi\u0119c spod punktu Informacji Turystycznej w Rynku pod przewodnictwem Przodownika Turystyki G\u00f3rskiej kol. Edwarda Soi zgodnym krokiem wyruszyli na tras\u0119 Gwarkowie i AniKije. Trasa wszystkim dobrze znana &#8211; [&hellip;]<\/p>\n","protected":false},"author":141,"featured_media":0,"comment_status":"closed","ping_status":"closed","sticky":false,"template":"","format":"standard","meta":{"ngg_post_thumbnail":0,"footnotes":""},"categories":[],"tags":[],"class_list":["post-3453","post","type-post","status-publish","format-standard","hentry"],"_links":{"self":[{"href":"https:\/\/kolo-nowaruda.klodzko.pttk.pl\/index.php\/wp-json\/wp\/v2\/posts\/3453","targetHints":{"allow":["GET"]}}],"collection":[{"href":"https:\/\/kolo-nowaruda.klodzko.pttk.pl\/index.php\/wp-json\/wp\/v2\/posts"}],"about":[{"href":"https:\/\/kolo-nowaruda.klodzko.pttk.pl\/index.php\/wp-json\/wp\/v2\/types\/post"}],"author":[{"embeddable":true,"href":"https:\/\/kolo-nowaruda.klodzko.pttk.pl\/index.php\/wp-json\/wp\/v2\/users\/141"}],"replies":[{"embeddable":true,"href":"https:\/\/kolo-nowaruda.klodzko.pttk.pl\/index.php\/wp-json\/wp\/v2\/comments?post=3453"}],"version-history":[{"count":0,"href":"https:\/\/kolo-nowaruda.klodzko.pttk.pl\/index.php\/wp-json\/wp\/v2\/posts\/3453\/revisions"}],"wp:attachment":[{"href":"https:\/\/kolo-nowaruda.klodzko.pttk.pl\/index.php\/wp-json\/wp\/v2\/media?parent=3453"}],"wp:term":[{"taxonomy":"category","embeddable":true,"href":"https:\/\/kolo-nowaruda.klodzko.pttk.pl\/index.php\/wp-json\/wp\/v2\/categories?post=3453"},{"taxonomy":"post_tag","embeddable":true,"href":"https:\/\/kolo-nowaruda.klodzko.pttk.pl\/index.php\/wp-json\/wp\/v2\/tags?post=3453"}],"curies":[{"name":"wp","href":"https:\/\/api.w.org\/{rel}","templated":true}]}}