{"id":3455,"date":"2017-01-28T00:00:00","date_gmt":"2017-01-27T22:00:00","guid":{"rendered":""},"modified":"-0001-11-30T00:00:00","modified_gmt":"-0001-11-29T22:00:00","slug":"gory-sowie-w-zimowej-szacie","status":"publish","type":"post","link":"https:\/\/kolo-nowaruda.klodzko.pttk.pl\/index.php\/2017\/01\/28\/gory-sowie-w-zimowej-szacie\/","title":{"rendered":"G\u00f3ry Sowie w zimowej szacie"},"content":{"rendered":"<p>Sobotni ranek (28 stycznia) wita nas 12- sto stopniowym mrozem, ale i pi\u0119knym s\u0142o\u0144cem.<\/p>\n<p>Zupe\u0142nie nie zra\u017cona tym mrozem, prawie 30-to osobowa grupa Noworudzkich Gwark\u00f3w i AniKiji, cieplutkim &#8222;Smilebusem&#8221; wygodnie sobie jedzie na punkt startu kolejnej zimowej eskapady &#8211; na p\u0119tl\u0119 autobusowa do Rzeczki. Rzeczka, to wie\u015b jak nam wszystkim wiadomo &#8211; m\u00f3wia dwaj przewodnicy &#8222;Edki&#8221; &#8211; bardzo turystyczna (szczeg\u00f3lnie dla narciarzy), po\u0142o\u017cona w Dolinie Walimki. Z autobusowej p\u0119tli wida\u0107 wie\u017c\u0119 odrestaurowanego ko\u015bcio\u0142a pw. Maksymiliana Kolbe &#8211; dawniej ewangelickiego, dzi\u015b rzymsko-katolickiego, pochodzacego z ko\u0144ca wieku XVIII, a tu\u017c przy drodze na kt\u00f3ra w\u0142a\u015bnie wchodzimy, ogladamy budynek dawnej szko\u0142y pochodzacy z poczatku wieku XIX &#8211; dzi\u015b Austeria Krokus. Idziemy nieco pod g\u00f3rk\u0119 w kierunku Wielkiej Sowy, aby doj\u015b\u0107 do fioletowego szlaku (nikt z nas jeszcze tym szlakiem nie szed\u0142!). Od lekkiego wiatru, ostrego s\u0142o\u0144ca i mrozu wszystkie roze\u015bmiane (bo dobrego humoru jak zwykle nie brakowa\u0142o) buzie si\u0119 zar\u00f3\u017cowi\u0142y. Co chwil\u0119 kto\u015b si\u0119 zatrzymywa\u0142, \u017ceby zrobi\u0107 pi\u0119kne, zimowe zdj\u0119cia. Uwag\u0119 zwraca\u0142y przystrojone \u015bniegiem drzewa &#8211; zw\u0142aszcza choinki wyglada\u0142y jak pi\u0119knie ubrane panny m\u0142ode. Na Jeleniej Polanie kr\u00f3tki odpoczynek (bo wia\u0142o do\u015b\u0107 mocno). Darujemy sobie zimowe wej\u015bcie na Wielka Sow\u0119 i kierujemy si\u0119 do schroniska &#8222;Sowa&#8221;, bo wszystkim ju\u017c pachna ogniskowe kie\u0142baski, a niekt\u00f3rym i kawusia w schronisku. Dzi\u0119ki \u017cyczliwo\u015bci koleg\u00f3w, kt\u00f3rzy ca\u0142a drog\u0119 targali w plecakach opa\u0142 na ognisko, przy schronisku, w specjalnej &#8222;ogniskowej&#8221; wiacie kie\u0142baski zosta\u0142y upieczone i z wielkim smakiem zjedzone &#8211; no bo co nie smakuje po spacerze i w doborowym towarzystwie! W drodze powrotnej na chwil\u0119 dopad\u0142a nas mg\u0142a, ale oczywi\u015bcie wycieczki nam to nie zepsu\u0142o. Byli\u015bmy te\u017c mile zaskoczeni dobrym przygotowaniem dr\u00f3g do uprawiania turystyki &#8211; pieszej, narciarskiej i rowerowej.Za tydzie\u0144 znowu G\u00f3ry Sowie. Zapraszamy!<\/p>\n<p><i>Noworudzki UTW<br \/>Anna Szczepan<\/i><\/p>\n<p><strong>Wz\u00f3r wype\u0142nienia ksia\u017ceczki GOT:<\/strong><\/p>\n<table border=\"0\" frame=\"box\" rules=\"all\">\n<thead style=\"font: 12px Arial; text-align: center; font-weight: bold;\">\n<tr>\n<td>\n<p>Data<br \/>odbycia<br \/>wycieczki<\/p>\n<\/td>\n<td>Trasa wycieczki<\/td>\n<td>Nr grupy<br \/>g\u00f3rskiej<br \/>wg reg. GOT<\/td>\n<td>Punkt\u00f3w<br \/>wg reg.<br \/>GOT<\/td>\n<td>Czy<br \/>przodownik<br \/>by\u0142 obecny<\/td>\n<td>Podpis i nr legitymacji<br \/>przodownika turystyki<br \/>g\u00f3rskiej<\/td>\n<\/tr>\n<\/thead>\n<tbody style=\"font: 12px Arial; text-align: center; font-weight: normal;\">\n<tr>\n<td>28.01.2017<\/td>\n<td style=\"text-align: left;\">Rzeczka &#8211; Jelenia Polana &#8211; Schr. &#8222;Sowa&#8221; &#8211; Prze\u0142. Sokola<br \/>(7km, 200m)<\/td>\n<td>S.11<\/td>\n<td>9<\/td>\n<td>tak<\/td>\n<td><\/td>\n<\/tr>\n<\/tbody>\n<\/table>\n","protected":false},"excerpt":{"rendered":"<p>Sobotni ranek (28 stycznia) wita nas 12- sto stopniowym mrozem, ale i pi\u0119knym s\u0142o\u0144cem. Zupe\u0142nie nie zra\u017cona tym mrozem, prawie 30-to osobowa grupa Noworudzkich Gwark\u00f3w i AniKiji, cieplutkim &#8222;Smilebusem&#8221; wygodnie sobie jedzie na punkt startu kolejnej zimowej eskapady &#8211; na p\u0119tl\u0119 autobusowa do Rzeczki. Rzeczka, to wie\u015b jak nam wszystkim wiadomo &#8211; m\u00f3wia dwaj przewodnicy [&hellip;]<\/p>\n","protected":false},"author":141,"featured_media":0,"comment_status":"closed","ping_status":"closed","sticky":false,"template":"","format":"standard","meta":{"ngg_post_thumbnail":0,"footnotes":""},"categories":[],"tags":[],"class_list":["post-3455","post","type-post","status-publish","format-standard","hentry"],"_links":{"self":[{"href":"https:\/\/kolo-nowaruda.klodzko.pttk.pl\/index.php\/wp-json\/wp\/v2\/posts\/3455","targetHints":{"allow":["GET"]}}],"collection":[{"href":"https:\/\/kolo-nowaruda.klodzko.pttk.pl\/index.php\/wp-json\/wp\/v2\/posts"}],"about":[{"href":"https:\/\/kolo-nowaruda.klodzko.pttk.pl\/index.php\/wp-json\/wp\/v2\/types\/post"}],"author":[{"embeddable":true,"href":"https:\/\/kolo-nowaruda.klodzko.pttk.pl\/index.php\/wp-json\/wp\/v2\/users\/141"}],"replies":[{"embeddable":true,"href":"https:\/\/kolo-nowaruda.klodzko.pttk.pl\/index.php\/wp-json\/wp\/v2\/comments?post=3455"}],"version-history":[{"count":0,"href":"https:\/\/kolo-nowaruda.klodzko.pttk.pl\/index.php\/wp-json\/wp\/v2\/posts\/3455\/revisions"}],"wp:attachment":[{"href":"https:\/\/kolo-nowaruda.klodzko.pttk.pl\/index.php\/wp-json\/wp\/v2\/media?parent=3455"}],"wp:term":[{"taxonomy":"category","embeddable":true,"href":"https:\/\/kolo-nowaruda.klodzko.pttk.pl\/index.php\/wp-json\/wp\/v2\/categories?post=3455"},{"taxonomy":"post_tag","embeddable":true,"href":"https:\/\/kolo-nowaruda.klodzko.pttk.pl\/index.php\/wp-json\/wp\/v2\/tags?post=3455"}],"curies":[{"name":"wp","href":"https:\/\/api.w.org\/{rel}","templated":true}]}}