{"id":3456,"date":"2017-02-04T00:00:00","date_gmt":"2017-02-03T22:00:00","guid":{"rendered":""},"modified":"-0001-11-30T00:00:00","modified_gmt":"-0001-11-29T22:00:00","slug":"mglisty-rajd","status":"publish","type":"post","link":"https:\/\/kolo-nowaruda.klodzko.pttk.pl\/index.php\/2017\/02\/04\/mglisty-rajd\/","title":{"rendered":"Mglisty rajd"},"content":{"rendered":"<p>Troch\u0119 pada\u0142o i w og\u00f3le by\u0142o szaro-buro-ponuro, kiedy w sobot\u0119 (4 lutego) Noworudzcy Gwarkowie i AniKije oczywi\u015bcie &#8211; razem os\u00f3b 26, wyruszali na kolejna, zimowa wycieczk\u0119 w G\u00f3ry Sowie. Z Prze\u0142\u0119czy Jugowskiej, gdzie Przodownicy &#8211; Edki2 opowiadaja histori\u0119 stojacego tu krzy\u017ca ( na pamiatk\u0119 zamordowanego i obrabowanego gospodarza, co dzia\u0142o si\u0119 daaaaaawno temu), wyruszamy czerwonym szlakiem w kierunku Wielkiej Sowy, acz nie ona jest dzisiaj naszym celem. Jest mglisto, rozmi\u0119k\u0142y \u015bnieg zapada si\u0119 pod nogami, ale kapie ju\u017c tylko z drzew bo na szcz\u0119\u015bcie deszcz przesta\u0142 pada\u0107. Wbrew przewidywaniom, wcale ci\u0119\u017cko si\u0119 nie idzie, a i zamglone widoki te\u017c maja sw\u00f3j urok. Przy Nied\u017awiedziej Skale, o kt\u00f3rej legenda m\u00f3wi \u017ce uratowa\u0142a my\u015bliwego przed nied\u017awiedziem, kr\u00f3tka sesja zdj\u0119ciowa i nied\u0142ugo potem stajemy na Koziej R\u00f3wni, najwy\u017cszym punkcie na naszej trasie. Po drodze spotykamy wielu narciarzy i w grupach i &#8222;samotnik\u00f3w&#8221;, i przyja\u017anie wymieniamy pozdrowienia. Schronisko &#8222;Sowa&#8221; jak zwykle udost\u0119pnia miejsce na nasze tradycyjne ognisko i kije do sma\u017cenia kie\u0142basek. Po degustacji grzanego wina rozpoczynamy w\u0119dr\u00f3wk\u0119 powrotna. Wracamy Droga Wernera do Koziego Siod\u0142a i troch\u0119 dalej zatrzymujemy si\u0119 przy widokowej platformie, z kt\u00f3rej mimo nie najlepszej pogody dobrze wida\u0107 \u015al\u0119\u017c\u0119. Jeszcze chwila na zdj\u0119cia i schodzimy do punkty wyj\u015bcia na tras\u0119, czyli na Prze\u0142\u0119cz Jugowska. Wielkie brawa nale\u017ca si\u0119 naszej najm\u0142odszej, czteroletniej turystce, kt\u00f3ra dzielnie radzi\u0142a sobie na ca\u0142ej trasie, tylko od czasu do czasu korzystajac z ramion taty.A za tydzie\u0144 idziemy na Bielawska Polank\u0119. Zapraszamy!<\/p>\n<\/p>\n<p><i>Noworudzki UTW<br \/>Anna Szczepan <\/i><\/p>\n<\/p>\n<p><strong>Wz\u00f3r wype\u0142nienia ksia\u017ceczki GOT:<\/strong><\/p>\n<table border=\"0\" frame=\"box\" rules=\"all\">\n<thead style=\"font: 12px Arial; text-align: center; font-weight: bold;\">\n<tr>\n<td>\n<p>Data<br \/>odbycia<br \/>wycieczki<\/p>\n<\/td>\n<td>Trasa wycieczki<\/td>\n<td>Nr grupy<br \/>g\u00f3rskiej<br \/>wg reg. GOT<\/td>\n<td>Punkt\u00f3w<br \/>wg reg.<br \/>GOT<\/td>\n<td>Czy<br \/>przodownik<br \/>by\u0142 obecny<\/td>\n<td>Podpis i nr legitymacji<br \/>przodownika turystyki<br \/>g\u00f3rskiej<\/td>\n<\/tr>\n<\/thead>\n<tbody style=\"font: 12px Arial; text-align: center; font-weight: normal;\">\n<tr>\n<td>04.02.2017<\/td>\n<td style=\"text-align: left;\">Prze\u0142\u0119cz Jugowska-Kozie Siod\u0142o<\/td>\n<td>S.11<\/td>\n<td>3<\/td>\n<td>tak<\/td>\n<td><\/td>\n<\/tr>\n<tr>\n<td>04.02.2017<\/td>\n<td style=\"text-align: left;\">Kozie Siod\u0142o-Schronisko &#8222;Sowa&#8221;<br \/>(2km)<\/td>\n<td>S.11<\/td>\n<td>2<\/td>\n<td>tak<\/td>\n<td><\/td>\n<\/tr>\n<tr>\n<td>04.02.2017<\/td>\n<td style=\"text-align: left;\">Schronisko &#8222;Sowa&#8221;-Kozie Siod\u0142o<br \/>(2km)<\/td>\n<td>S.11<\/td>\n<td>2<\/td>\n<td>tak<\/td>\n<td><\/td>\n<\/tr>\n<tr>\n<td>04.02.2017<\/td>\n<td style=\"text-align: left;\">Kozie Siod\u0142o-Prze\u0142\u0119cz Jugowska<br \/>(2km)<\/td>\n<td>S.11<\/td>\n<td>2<\/td>\n<td>tak<\/td>\n<td><\/td>\n<\/tr>\n<\/tbody>\n<\/table>\n","protected":false},"excerpt":{"rendered":"<p>Troch\u0119 pada\u0142o i w og\u00f3le by\u0142o szaro-buro-ponuro, kiedy w sobot\u0119 (4 lutego) Noworudzcy Gwarkowie i AniKije oczywi\u015bcie &#8211; razem os\u00f3b 26, wyruszali na kolejna, zimowa wycieczk\u0119 w G\u00f3ry Sowie. Z Prze\u0142\u0119czy Jugowskiej, gdzie Przodownicy &#8211; Edki2 opowiadaja histori\u0119 stojacego tu krzy\u017ca ( na pamiatk\u0119 zamordowanego i obrabowanego gospodarza, co dzia\u0142o si\u0119 daaaaaawno temu), wyruszamy czerwonym [&hellip;]<\/p>\n","protected":false},"author":141,"featured_media":0,"comment_status":"closed","ping_status":"closed","sticky":false,"template":"","format":"standard","meta":{"ngg_post_thumbnail":0,"footnotes":""},"categories":[],"tags":[],"class_list":["post-3456","post","type-post","status-publish","format-standard","hentry"],"_links":{"self":[{"href":"https:\/\/kolo-nowaruda.klodzko.pttk.pl\/index.php\/wp-json\/wp\/v2\/posts\/3456","targetHints":{"allow":["GET"]}}],"collection":[{"href":"https:\/\/kolo-nowaruda.klodzko.pttk.pl\/index.php\/wp-json\/wp\/v2\/posts"}],"about":[{"href":"https:\/\/kolo-nowaruda.klodzko.pttk.pl\/index.php\/wp-json\/wp\/v2\/types\/post"}],"author":[{"embeddable":true,"href":"https:\/\/kolo-nowaruda.klodzko.pttk.pl\/index.php\/wp-json\/wp\/v2\/users\/141"}],"replies":[{"embeddable":true,"href":"https:\/\/kolo-nowaruda.klodzko.pttk.pl\/index.php\/wp-json\/wp\/v2\/comments?post=3456"}],"version-history":[{"count":0,"href":"https:\/\/kolo-nowaruda.klodzko.pttk.pl\/index.php\/wp-json\/wp\/v2\/posts\/3456\/revisions"}],"wp:attachment":[{"href":"https:\/\/kolo-nowaruda.klodzko.pttk.pl\/index.php\/wp-json\/wp\/v2\/media?parent=3456"}],"wp:term":[{"taxonomy":"category","embeddable":true,"href":"https:\/\/kolo-nowaruda.klodzko.pttk.pl\/index.php\/wp-json\/wp\/v2\/categories?post=3456"},{"taxonomy":"post_tag","embeddable":true,"href":"https:\/\/kolo-nowaruda.klodzko.pttk.pl\/index.php\/wp-json\/wp\/v2\/tags?post=3456"}],"curies":[{"name":"wp","href":"https:\/\/api.w.org\/{rel}","templated":true}]}}