{"id":3458,"date":"2017-02-18T00:00:00","date_gmt":"2017-02-17T22:00:00","guid":{"rendered":""},"modified":"-0001-11-30T00:00:00","modified_gmt":"-0001-11-29T22:00:00","slug":"blotno-sniegowo-wokol-krepca","status":"publish","type":"post","link":"https:\/\/kolo-nowaruda.klodzko.pttk.pl\/index.php\/2017\/02\/18\/blotno-sniegowo-wokol-krepca\/","title":{"rendered":"B\u0142otno-\u015bniegowo wok\u00f3\u0142 Kr\u0119pca"},"content":{"rendered":"<p>AniKijom nie straszne ani b\u0142oto na trasie, ani rozmi\u0119k\u0142y \u015bnieg. Wprawdzie turystyczna grup\u0119 NUTW mocno przetrzebi\u0142a grypa, ale ca\u0142e 7 os\u00f3b stawi\u0142o si\u0119 18 lutego na miejscu zbi\u00f3rki przy MOK. Ma\u0142a tym razem grupk\u0119 poprowadzi\u0142 kol. Czes\u0142aw Dominas. Tak wi\u0119c z parku kierujemy si\u0119 do \u017c\u00f3\u0142tego szlaku i nim przez puste o tej porze roku, dzia\u0142kowe ogr\u00f3dki dochodzimy do pierwszej kapliczki d\u017cumowej. Porzucamy szlak i ju\u017c tylko kol. Czes\u0142awowi znanymi drogami zaczynamy okra\u017ca\u0107 Kr\u0119piec. Mimo, \u017ce pogoda zupe\u0142nie nie jest wycieczkowa, dobre samopoczucie nie opuszcza nikogo. Zatrzymujemy si\u0119 na chwil\u0119 przy pomnikach przyrody &#8211; czyli wiekowej lipie i oko\u0142o 300-letniej so\u015bnie, a i widoki chocia\u017c niezbyt dalekie przykuwaja wzrok. Dobrze ju\u017c ub\u0142oceni, a niekt\u00f3rzy w przemoczonych butach, dochodzimy do szlaku zielonego i droga &#8211; tu wy\u0142acznie okropnie b\u0142otnista, dochodzimy do ko\u015bci\u00f3\u0142ka \u015bw. Anny. Punktu turystycznego ju\u017c w\u0142a\u015bciwie nie ma, wi\u0119c termosowa herbata wypada nam w podcieniach ko\u015bci\u00f3\u0142ka. Czujac niedosyt przebytych kilometr\u00f3w, z G\u00f3ry \u015bw. Anny schodzimy troch\u0119 okr\u0119\u017cna droga przez Stara Osad\u0119. Przeszli\u015bmy nieco ponad 6 km, po niekt\u00f3rych drogach po raz pierwszy. Przez chwil\u0119 towarzyszy\u0142 nam padajacy du\u017cymi p\u0142atkami \u015bnieg. Ale nie siedzieli\u015bmy w domu przerzucajac programy telewizyjne, na kt\u00f3rych nie bardzo jest co oglada\u0107.<\/p>\n<p>Za tydzie\u0144 Gwarkowie zapraszaja do samego &quot;kot\u0142a czarownicy&quot;, a AniKije na spacer po Polanicy.<\/p>\n<\/p>\n<p><i>Noworudzki UTW<\/i><\/p>\n<p><i>Anna Szczepan<\/i><\/p>\n<p><i>fot. A. Szczepan<\/i><\/p>\n","protected":false},"excerpt":{"rendered":"<p>AniKijom nie straszne ani b\u0142oto na trasie, ani rozmi\u0119k\u0142y \u015bnieg. Wprawdzie turystyczna grup\u0119 NUTW mocno przetrzebi\u0142a grypa, ale ca\u0142e 7 os\u00f3b stawi\u0142o si\u0119 18 lutego na miejscu zbi\u00f3rki przy MOK. Ma\u0142a tym razem grupk\u0119 poprowadzi\u0142 kol. Czes\u0142aw Dominas. Tak wi\u0119c z parku kierujemy si\u0119 do \u017c\u00f3\u0142tego szlaku i nim przez puste o tej porze roku, [&hellip;]<\/p>\n","protected":false},"author":141,"featured_media":0,"comment_status":"closed","ping_status":"closed","sticky":false,"template":"","format":"standard","meta":{"ngg_post_thumbnail":0,"footnotes":""},"categories":[],"tags":[],"class_list":["post-3458","post","type-post","status-publish","format-standard","hentry"],"_links":{"self":[{"href":"https:\/\/kolo-nowaruda.klodzko.pttk.pl\/index.php\/wp-json\/wp\/v2\/posts\/3458","targetHints":{"allow":["GET"]}}],"collection":[{"href":"https:\/\/kolo-nowaruda.klodzko.pttk.pl\/index.php\/wp-json\/wp\/v2\/posts"}],"about":[{"href":"https:\/\/kolo-nowaruda.klodzko.pttk.pl\/index.php\/wp-json\/wp\/v2\/types\/post"}],"author":[{"embeddable":true,"href":"https:\/\/kolo-nowaruda.klodzko.pttk.pl\/index.php\/wp-json\/wp\/v2\/users\/141"}],"replies":[{"embeddable":true,"href":"https:\/\/kolo-nowaruda.klodzko.pttk.pl\/index.php\/wp-json\/wp\/v2\/comments?post=3458"}],"version-history":[{"count":0,"href":"https:\/\/kolo-nowaruda.klodzko.pttk.pl\/index.php\/wp-json\/wp\/v2\/posts\/3458\/revisions"}],"wp:attachment":[{"href":"https:\/\/kolo-nowaruda.klodzko.pttk.pl\/index.php\/wp-json\/wp\/v2\/media?parent=3458"}],"wp:term":[{"taxonomy":"category","embeddable":true,"href":"https:\/\/kolo-nowaruda.klodzko.pttk.pl\/index.php\/wp-json\/wp\/v2\/categories?post=3458"},{"taxonomy":"post_tag","embeddable":true,"href":"https:\/\/kolo-nowaruda.klodzko.pttk.pl\/index.php\/wp-json\/wp\/v2\/tags?post=3458"}],"curies":[{"name":"wp","href":"https:\/\/api.w.org\/{rel}","templated":true}]}}