{"id":3464,"date":"2017-04-02T00:00:00","date_gmt":"2017-04-01T22:00:00","guid":{"rendered":""},"modified":"-0001-11-30T00:00:00","modified_gmt":"-0001-11-29T22:00:00","slug":"upalne-lato-i-biale-przebisniegi","status":"publish","type":"post","link":"https:\/\/kolo-nowaruda.klodzko.pttk.pl\/index.php\/2017\/04\/02\/upalne-lato-i-biale-przebisniegi\/","title":{"rendered":"Upalne lato i bia\u0142e przebi\u015bniegi"},"content":{"rendered":"<p>Zupe\u0142nie niespodziewanie zrobi\u0142o si\u0119 prawdziwe lato! I jak tu szuka\u0107 pozimowych przebi\u015bnieg\u00f3w, skoro w cieniu temperatura si\u0119ga\u0142a 26 stopni?<\/p>\n<p>Dla nas jednak nie ma rzeczy niemo\u017cliwych. Na wambierzyckim &#8222;rynku&#8221; stawi\u0142o si\u0119 48 os\u00f3b i prowadzacy imprez\u0119 &#8211; kol. Witold Telus. W\u015br\u00f3d turyst\u00f3w oczywi\u015bcie nasi przyjaciele z SKKT SP nr 7, pod kierunkiem kol. Jana Oko\u0144skiego oraz studentki Noworudzkiego Uniwersytetu Trzeciego Wieku. Plus niezwodni &#8222;Gwarkowie&#8221;. Spora grupa.<\/p>\n<p>Najpierw zwiedzanie Wambierzyc, czyli zdj\u0119cie na stopniach Bazyliki, odwiedziny u \u015bw. Wilgefortis oraz mozolne wspinanie na Golgot\u0119. Dalej przez waska \u015bcie\u017ck\u0119 do szlaku czarnego, kt\u00f3ry poprowadzi\u0142 nas pod wiadukt nieczynnej ju\u017c linii kolejowej w Ratnie Dolnym. Chwila oddechu w cieniu (s\u0142o\u0144ce operowa\u0142o ju\u017c coraz mocniej) i w\u0119dr\u00f3wka do bram Zamku w Ratnie. Szkoda, \u017ce tak niewiele z niego pozosta\u0142o&#8230;<\/p>\n<p>Na szcz\u0119\u015bcie przy starej kaplicy nieopodal cmentarzyku uda\u0142o si\u0119 odnale\u017a\u0107 ledwo \u017cywe przebi\u015bniegi! A wi\u0119c jeszcze by\u0142y i czeka\u0142y na nas&#8230;<\/p>\n<p>Potem w upale powoli do g\u00f3ry, na punkt widokowy na wzg\u00f3rzu Ptak (pyszne widoki na G\u00f3ry Sto\u0142owe, Masyw \u015anie\u017cnika, G\u00f3ry Orlickie, G\u00f3ry Bystrzyckie i nawet Karkonosze). Potem dalej, przez las, w kierunku wzniesienia \u015acinawka, gdzie mo\u017cna by\u0142o nieco och\u0142ona\u0107 w cieniu. Ze wzg\u00f3rza serpentynowata \u015bcie\u017cka sprowadzi\u0142a nas do wsi \u015acinawka \u015arednia, prosto pod Zamek Kapitanowo. Wielkie brawa dla w\u0142a\u015bciciela &#8211; naprawd\u0119 a\u017c mi\u0142o popatrze\u0107 jak niedawne ruiny d\u017awigaja si\u0119 do nowej \u015bwietno\u015bci! Z Kapitanowa poda\u017cyli\u015bmy polnymi drogami, nieopodal stacji \u015acinawka \u015arednia do punktu rekreacyjnego na zboczu G\u00f3ry Wszystkich \u015awi\u0119tych. Tam przysz\u0142a pora na ognisko, konkurs krajoznawczy i d\u0142u\u017cszy wypoczynek.<\/p>\n<p>Do domu wr\u00f3cili\u015bmy z pogranicza \u015acinawki i S\u0142upca, skad odebra\u0142 nas niezawodny i nieprzywoicie punktualny &#8222;SmileBus&#8221;.<\/p>\n<p>Dzi\u0119kuj\u0119 wszystkim za udzia\u0142 i ju\u017c zapraszam na kolejne wyprawy!<\/p>\n<p><i>Witold Telus<\/i><\/p>\n<p><strong>Wz\u00f3r wype\u0142nienia ksia\u017ceczki GOT:<\/strong><\/p>\n<table border=\"0\" frame=\"box\" rules=\"all\">\n<thead style=\"font: 12px Arial; text-align: center; font-weight: bold;\">\n<tr>\n<td>\n<p>Data<br \/>odbycia<br \/>wycieczki<\/p>\n<\/td>\n<td>Trasa wycieczki<\/td>\n<td>Nr grupy<br \/>g\u00f3rskiej<br \/>wg reg. GOT<\/td>\n<td>Punkt\u00f3w<br \/>wg reg.<br \/>GOT<\/td>\n<td>Czy<br \/>przodownik<br \/>by\u0142 obecny<\/td>\n<td>Podpis i nr legitymacji<br \/>przodownika turystyki<br \/>g\u00f3rskiej<\/td>\n<\/tr>\n<\/thead>\n<tbody style=\"font: 12px Arial; text-align: center; font-weight: normal;\">\n<tr>\n<td>02.04.2017<\/td>\n<td style=\"text-align: left;\">Wambierzyce-Ratno Dolne<\/td>\n<td>S.15<\/td>\n<td>1<\/td>\n<td>tak<\/td>\n<td><\/td>\n<\/tr>\n<tr>\n<td>02.04.2017<\/td>\n<td style=\"text-align: left;\">Ratno Dolne-\u015acinawskie Wzg\u00f3rza<\/td>\n<td>S.15<\/td>\n<td>5<\/td>\n<td>tak<\/td>\n<td><\/td>\n<\/tr>\n<tr>\n<td>02.04.2017<\/td>\n<td style=\"text-align: left;\">\u015acinawskie Wzg\u00f3rza-\u015acinawka \u015arednia<\/td>\n<td>S.15<\/td>\n<td>5<\/td>\n<td>tak<\/td>\n<td><\/td>\n<\/tr>\n<\/tbody>\n<\/table>\n","protected":false},"excerpt":{"rendered":"<p>Zupe\u0142nie niespodziewanie zrobi\u0142o si\u0119 prawdziwe lato! I jak tu szuka\u0107 pozimowych przebi\u015bnieg\u00f3w, skoro w cieniu temperatura si\u0119ga\u0142a 26 stopni? Dla nas jednak nie ma rzeczy niemo\u017cliwych. Na wambierzyckim &#8222;rynku&#8221; stawi\u0142o si\u0119 48 os\u00f3b i prowadzacy imprez\u0119 &#8211; kol. Witold Telus. W\u015br\u00f3d turyst\u00f3w oczywi\u015bcie nasi przyjaciele z SKKT SP nr 7, pod kierunkiem kol. Jana Oko\u0144skiego [&hellip;]<\/p>\n","protected":false},"author":141,"featured_media":0,"comment_status":"closed","ping_status":"closed","sticky":false,"template":"","format":"standard","meta":{"ngg_post_thumbnail":0,"footnotes":""},"categories":[],"tags":[],"class_list":["post-3464","post","type-post","status-publish","format-standard","hentry"],"_links":{"self":[{"href":"https:\/\/kolo-nowaruda.klodzko.pttk.pl\/index.php\/wp-json\/wp\/v2\/posts\/3464","targetHints":{"allow":["GET"]}}],"collection":[{"href":"https:\/\/kolo-nowaruda.klodzko.pttk.pl\/index.php\/wp-json\/wp\/v2\/posts"}],"about":[{"href":"https:\/\/kolo-nowaruda.klodzko.pttk.pl\/index.php\/wp-json\/wp\/v2\/types\/post"}],"author":[{"embeddable":true,"href":"https:\/\/kolo-nowaruda.klodzko.pttk.pl\/index.php\/wp-json\/wp\/v2\/users\/141"}],"replies":[{"embeddable":true,"href":"https:\/\/kolo-nowaruda.klodzko.pttk.pl\/index.php\/wp-json\/wp\/v2\/comments?post=3464"}],"version-history":[{"count":0,"href":"https:\/\/kolo-nowaruda.klodzko.pttk.pl\/index.php\/wp-json\/wp\/v2\/posts\/3464\/revisions"}],"wp:attachment":[{"href":"https:\/\/kolo-nowaruda.klodzko.pttk.pl\/index.php\/wp-json\/wp\/v2\/media?parent=3464"}],"wp:term":[{"taxonomy":"category","embeddable":true,"href":"https:\/\/kolo-nowaruda.klodzko.pttk.pl\/index.php\/wp-json\/wp\/v2\/categories?post=3464"},{"taxonomy":"post_tag","embeddable":true,"href":"https:\/\/kolo-nowaruda.klodzko.pttk.pl\/index.php\/wp-json\/wp\/v2\/tags?post=3464"}],"curies":[{"name":"wp","href":"https:\/\/api.w.org\/{rel}","templated":true}]}}