{"id":3475,"date":"2017-07-02T00:00:00","date_gmt":"2017-07-01T22:00:00","guid":{"rendered":""},"modified":"-0001-11-30T00:00:00","modified_gmt":"-0001-11-29T22:00:00","slug":"gss-gladkimi-szosami-szlismy-na-xix-odcinku-gss","status":"publish","type":"post","link":"https:\/\/kolo-nowaruda.klodzko.pttk.pl\/index.php\/2017\/07\/02\/gss-gladkimi-szosami-szlismy-na-xix-odcinku-gss\/","title":{"rendered":"<img src=\"images\/stories\/szlak_czerwony.png\"> G\u0142adkimi Szosami Szli\u015bmy, na XIX odcinku &#8222;GSS&#8221;"},"content":{"rendered":"<p>Niedziela 2 lipca 2017 to kolejna ju\u017c cz\u0119\u015b\u0107 naszego cyklu \u201cRajd GSS\u201d. Tym razem tylko 16 uczestnik\u00f3w (nie wszyscy dali rad\u0119 wypocza\u0107 po trudach poprzedniego dnia).<\/p>\n<p>Wycieczka tym razem rozpocz\u0119\u0142a si\u0119 w Z\u0142otym Stoku niedaleko (to ju\u017c chyba tradycja) stacji paliw. Drugi dzie\u0144 naszego rajdu mia\u0142 by\u0107 du\u017co \u0142atwiejszy poniewa\u017c nie by\u0142o ju\u017c wi\u0119kszych podej\u015b\u0107. Niestety wieczorem pada\u0142 mocny deszcz dlatego na trasie pe\u0142no by\u0142o b\u0142ota i mokrej trawy. No c\u00f3\u017c nazwa pierwszej miejscowo\u015bci &#8211; B\u0142otnica &#8211; musia\u0142a nam si\u0119 widocznie mocno wbi\u0107 w pami\u0119\u0107. Na szcz\u0119\u015bcie zawsze mogli\u015bmy si\u0119 gdzie\u015b schroni\u0107 &#8211; najprzyjemniejsza cz\u0119\u015bcia okaza\u0142a si\u0119 drewniana wiata przygotowana przez Ko\u0142o \u0141owieckie z Kamie\u0144ca Zabkowickiego. Wiata by\u0142a prawie pusta zamieszkiwa\u0142 tam tylko bezdomny kot. Ogrzani przy ognisku i najedzeni kie\u0142basami mogli\u015bmy spokojnie ruszy\u0107 w dalsza drog\u0119 w kierunku kolejnych wsi. Mijajac wsie B\u0142otnica i Kozielno mogli\u015bmy podziwia\u0107 pi\u0119kne panoramy zbiornik\u00f3w wodnych na Nysie K\u0142odzkiej. Nad Zalewem Paczkowskim mogli\u015bmy pozwoli\u0107 sobie na kolejny d\u0142u\u017cszy odpoczynek. Na pewno si\u0119 przyda\u0142 bo ostatnie odcinki drogi do Paczkowa robi\u0142y si\u0119 naprawd\u0119 m\u0119czace. W samym mie\u015bcie min\u0119li\u015bmy jeszcze chwilowo zamkni\u0119te Muzeum Gazownictwa a nast\u0119pnie pow\u0119drowali\u015bmy do rynku. Potem kr\u00f3tka wizyta w ko\u015bciele z ze s\u0142ynna studnia a nast\u0119pnie wej\u015bcie na Wie\u017c\u0119 Wroc\u0142awska z kt\u00f3rej roztacza si\u0119 wspania\u0142y widok na panoram\u0119 okolic Paczkowa.<\/p>\n<p>Po kr\u00f3tkim odpoczynku w mie\u015bcie zdecydowali\u015bmy si\u0119 pow\u0119drowa\u0107 odcinkiem czerwonego szlaku kt\u00f3ry kiedy\u015b prowadzi\u0142 na stacj\u0119 kolejowa. Obecnie nie jest to ju\u017c G\u0142\u00f3wny Szlak Sudecki ale i tak mo\u017cna wcia\u017c jeszcze podziwia\u0107 s\u0142ynna czerwona kropk\u0119 na jego ko\u0144cu przy budynku stacji. Tam te\u017c zrobili\u015bmy sobie ostatnie pamiatkowe zdj\u0119cia a nast\u0119pnie wr\u00f3cili\u015bmy do domu niezawodnym busem.<\/p>\n<p><strong>Wz\u00f3r wype\u0142nienia ksia\u017ceczki GOT:<\/strong><\/p>\n<table border=\"0\" frame=\"box\" rules=\"all\">\n<thead style=\"font: 12px Arial; text-align: center; font-weight: bold;\">\n<tr>\n<td>\n<p>Data<br \/>odbycia<br \/>wycieczki<\/p>\n<\/td>\n<td>Trasa wycieczki<\/td>\n<td>Nr grupy<br \/>g\u00f3rskiej<br \/>wg reg. GOT<\/td>\n<td>Punkt\u00f3w<br \/>wg reg.<br \/>GOT<\/td>\n<td>Czy<br \/>przodownik<br \/>by\u0142 obecny<\/td>\n<td>Podpis i nr legitymacji<br \/>przodownika turystyki<br \/>g\u00f3rskiej<\/td>\n<\/tr>\n<\/thead>\n<tbody style=\"font: 12px Arial; text-align: center; font-weight: normal;\">\n<tr>\n<td>02.07.2017<\/td>\n<td style=\"text-align: left;\">Z\u0142oty Stok-B\u0142otnica<\/td>\n<td>S.21<\/td>\n<td>7<\/td>\n<td>tak<\/td>\n<td><\/td>\n<\/tr>\n<tr>\n<td>02.07.2017<\/td>\n<td style=\"text-align: left;\">B\u0142otnica-Paczk\u00f3w<\/td>\n<td>S.21<\/td>\n<td>6<\/td>\n<td>tak<\/td>\n<td><\/td>\n<\/tr>\n<\/tbody>\n<\/table>\n","protected":false},"excerpt":{"rendered":"<p>Niedziela 2 lipca 2017 to kolejna ju\u017c cz\u0119\u015b\u0107 naszego cyklu \u201cRajd GSS\u201d. Tym razem tylko 16 uczestnik\u00f3w (nie wszyscy dali rad\u0119 wypocza\u0107 po trudach poprzedniego dnia). Wycieczka tym razem rozpocz\u0119\u0142a si\u0119 w Z\u0142otym Stoku niedaleko (to ju\u017c chyba tradycja) stacji paliw. Drugi dzie\u0144 naszego rajdu mia\u0142 by\u0107 du\u017co \u0142atwiejszy poniewa\u017c nie by\u0142o ju\u017c wi\u0119kszych podej\u015b\u0107. [&hellip;]<\/p>\n","protected":false},"author":141,"featured_media":0,"comment_status":"closed","ping_status":"closed","sticky":false,"template":"","format":"standard","meta":{"ngg_post_thumbnail":0,"footnotes":""},"categories":[],"tags":[],"class_list":["post-3475","post","type-post","status-publish","format-standard","hentry"],"_links":{"self":[{"href":"https:\/\/kolo-nowaruda.klodzko.pttk.pl\/index.php\/wp-json\/wp\/v2\/posts\/3475","targetHints":{"allow":["GET"]}}],"collection":[{"href":"https:\/\/kolo-nowaruda.klodzko.pttk.pl\/index.php\/wp-json\/wp\/v2\/posts"}],"about":[{"href":"https:\/\/kolo-nowaruda.klodzko.pttk.pl\/index.php\/wp-json\/wp\/v2\/types\/post"}],"author":[{"embeddable":true,"href":"https:\/\/kolo-nowaruda.klodzko.pttk.pl\/index.php\/wp-json\/wp\/v2\/users\/141"}],"replies":[{"embeddable":true,"href":"https:\/\/kolo-nowaruda.klodzko.pttk.pl\/index.php\/wp-json\/wp\/v2\/comments?post=3475"}],"version-history":[{"count":0,"href":"https:\/\/kolo-nowaruda.klodzko.pttk.pl\/index.php\/wp-json\/wp\/v2\/posts\/3475\/revisions"}],"wp:attachment":[{"href":"https:\/\/kolo-nowaruda.klodzko.pttk.pl\/index.php\/wp-json\/wp\/v2\/media?parent=3475"}],"wp:term":[{"taxonomy":"category","embeddable":true,"href":"https:\/\/kolo-nowaruda.klodzko.pttk.pl\/index.php\/wp-json\/wp\/v2\/categories?post=3475"},{"taxonomy":"post_tag","embeddable":true,"href":"https:\/\/kolo-nowaruda.klodzko.pttk.pl\/index.php\/wp-json\/wp\/v2\/tags?post=3475"}],"curies":[{"name":"wp","href":"https:\/\/api.w.org\/{rel}","templated":true}]}}