{"id":3478,"date":"2017-07-22T00:00:00","date_gmt":"2017-07-21T22:00:00","guid":{"rendered":""},"modified":"-0001-11-30T00:00:00","modified_gmt":"-0001-11-29T22:00:00","slug":"wedrowanie-po-wlodzickich-wzgorzach","status":"publish","type":"post","link":"https:\/\/kolo-nowaruda.klodzko.pttk.pl\/index.php\/2017\/07\/22\/wedrowanie-po-wlodzickich-wzgorzach\/","title":{"rendered":"W\u0119drowanie po W\u0142odzickich Wzg\u00f3rzach"},"content":{"rendered":"<p>W dniu 22.07.2017 r. grupa 8 noworudzkich gwark\u00f3w + 1 uda\u0142a si\u0119 szynobusem na zaplanowana wycieczk\u0119 do stacji \u015awierki Dolne. Po pamiatkowym zdj\u0119ciu pod tablica z nazwa stacji rozpocz\u0119li\u015bmy w\u0119drowanie na W\u0142odzicka G\u00f3r\u0119. Trzeba przyzna\u0107, \u017ce podej\u015bcie na W\u0142odzicka G\u00f3r\u0119 od strony stacji szlakiem zielonym wymaga\u0142o samozaparcia i sporego wysi\u0142ku, tym bardziej, \u017ce s\u0142oneczko zacz\u0119\u0142o mocno przypieka\u0107. Zastrzyk energii w postaci tradycyjnych \u201ekr\u00f3wek\u201d pozwoli\u0142 na dotarcie na szczyt g\u00f3ry, na kt\u00f3rym znajduja si\u0119 ruiny wie\u017cy widokowej z 1927 r. Nie brak by\u0142o \u015bmia\u0142k\u00f3w na wej\u015bcie na nia. Po kr\u00f3tkim odpoczynku udali\u015bmy si\u0119 na punkt widokowy przy bia\u0142ym krzy\u017cu a widoki zapar\u0142y nam dech w piersiach- wida\u0107 by\u0142o wie\u017c\u0119 widokowa na Wielkiej Sowie, schronisko Orze\u0142 oraz ca\u0142e pasmo G\u00f3r Sowich. Uzupe\u0142nili\u015bmy zapasy energii kr\u00f3tkim posi\u0142kiem i wyruszyli\u015bmy w dalsza w\u0119dr\u00f3wk\u0119 do zbocza Kr\u0119pca podziwiajac cudowne widoki na g\u00f3ry Sto\u0142owe, Orlickie, Sowie, wida\u0107 by\u0142o nawet wie\u017c\u0119 \u201eSuszynk\u0119\u201d i wie\u017c\u0119 na g\u00f3rze \u015aw. Anny i tak dotarli\u015bmy na Sokoli Garb, na kt\u00f3rym rozpalili\u015bmy ognisko i upiekli\u015bmy kie\u0142baski, kt\u00f3re bardzo nam smakowa\u0142y. Schodzac z Sokolego Garbu ko\u0142o \u201eje\u017cynowego szlaku\u201d wycieczk\u0119 zako\u0144czyli\u015bmy na Osiedlu Piastowskim w Nowej Rudzie.<\/p>\n<p>Zdj\u0119cia i opis wycieczki.<\/p>\n<p><i>Edek Soja<\/i><\/p>\n<p><strong>Wz\u00f3r wype\u0142nienia ksia\u017ceczki GOT:<\/strong><\/p>\n<table border=\"0\" frame=\"box\" rules=\"all\">\n<thead style=\"font: 12px Arial; text-align: center; font-weight: bold;\">\n<tr>\n<td>\n<p>Data<br \/>odbycia<br \/>wycieczki<\/p>\n<\/td>\n<td>Trasa wycieczki<\/td>\n<td>Nr grupy<br \/>g\u00f3rskiej<br \/>wg reg. GOT<\/td>\n<td>Punkt\u00f3w<br \/>wg reg.<br \/>GOT<\/td>\n<td>Czy<br \/>przodownik<br \/>by\u0142 obecny<\/td>\n<td>Podpis i nr legitymacji<br \/>przodownika turystyki<br \/>g\u00f3rskiej<\/td>\n<\/tr>\n<\/thead>\n<tbody style=\"font: 12px Arial; text-align: center; font-weight: normal;\">\n<tr>\n<td>22.07.2017<\/td>\n<td style=\"text-align: left;\">\u015awierki-W\u0142odzicka G\u00f3ra<\/td>\n<td>S.11<\/td>\n<td>3<\/td>\n<td>tak<\/td>\n<td><\/td>\n<\/tr>\n<tr>\n<td>22.07.2017<\/td>\n<td style=\"text-align: left;\">W\u0142odzicka G\u00f3ra-Kr\u0119piec<\/td>\n<td>S.11<\/td>\n<td>5<\/td>\n<td>tak<\/td>\n<td><\/td>\n<\/tr>\n<tr>\n<td>22.07.2017<\/td>\n<td style=\"text-align: left;\">Kr\u0119piec-Nowa Ruda<\/td>\n<td>S.11<\/td>\n<td>3<\/td>\n<td>tak<\/td>\n<td><\/td>\n<\/tr>\n<\/tbody>\n<\/table>\n","protected":false},"excerpt":{"rendered":"<p>W dniu 22.07.2017 r. grupa 8 noworudzkich gwark\u00f3w + 1 uda\u0142a si\u0119 szynobusem na zaplanowana wycieczk\u0119 do stacji \u015awierki Dolne. Po pamiatkowym zdj\u0119ciu pod tablica z nazwa stacji rozpocz\u0119li\u015bmy w\u0119drowanie na W\u0142odzicka G\u00f3r\u0119. Trzeba przyzna\u0107, \u017ce podej\u015bcie na W\u0142odzicka G\u00f3r\u0119 od strony stacji szlakiem zielonym wymaga\u0142o samozaparcia i sporego wysi\u0142ku, tym bardziej, \u017ce s\u0142oneczko zacz\u0119\u0142o [&hellip;]<\/p>\n","protected":false},"author":141,"featured_media":0,"comment_status":"closed","ping_status":"closed","sticky":false,"template":"","format":"standard","meta":{"ngg_post_thumbnail":0,"footnotes":""},"categories":[],"tags":[],"class_list":["post-3478","post","type-post","status-publish","format-standard","hentry"],"_links":{"self":[{"href":"https:\/\/kolo-nowaruda.klodzko.pttk.pl\/index.php\/wp-json\/wp\/v2\/posts\/3478","targetHints":{"allow":["GET"]}}],"collection":[{"href":"https:\/\/kolo-nowaruda.klodzko.pttk.pl\/index.php\/wp-json\/wp\/v2\/posts"}],"about":[{"href":"https:\/\/kolo-nowaruda.klodzko.pttk.pl\/index.php\/wp-json\/wp\/v2\/types\/post"}],"author":[{"embeddable":true,"href":"https:\/\/kolo-nowaruda.klodzko.pttk.pl\/index.php\/wp-json\/wp\/v2\/users\/141"}],"replies":[{"embeddable":true,"href":"https:\/\/kolo-nowaruda.klodzko.pttk.pl\/index.php\/wp-json\/wp\/v2\/comments?post=3478"}],"version-history":[{"count":0,"href":"https:\/\/kolo-nowaruda.klodzko.pttk.pl\/index.php\/wp-json\/wp\/v2\/posts\/3478\/revisions"}],"wp:attachment":[{"href":"https:\/\/kolo-nowaruda.klodzko.pttk.pl\/index.php\/wp-json\/wp\/v2\/media?parent=3478"}],"wp:term":[{"taxonomy":"category","embeddable":true,"href":"https:\/\/kolo-nowaruda.klodzko.pttk.pl\/index.php\/wp-json\/wp\/v2\/categories?post=3478"},{"taxonomy":"post_tag","embeddable":true,"href":"https:\/\/kolo-nowaruda.klodzko.pttk.pl\/index.php\/wp-json\/wp\/v2\/tags?post=3478"}],"curies":[{"name":"wp","href":"https:\/\/api.w.org\/{rel}","templated":true}]}}