{"id":3619,"date":"2022-01-08T21:30:03","date_gmt":"2022-01-08T20:30:03","guid":{"rendered":"http:\/\/kolo-nowaruda.klodzko.pttk.pl\/?p=3619"},"modified":"2022-01-08T21:44:09","modified_gmt":"2022-01-08T20:44:09","slug":"i-spacer-zimowy-mrozny-poczatek","status":"publish","type":"post","link":"https:\/\/kolo-nowaruda.klodzko.pttk.pl\/index.php\/2022\/01\/08\/i-spacer-zimowy-mrozny-poczatek\/","title":{"rendered":"I spacer zimowy &#8211; &#8222;Mro\u017any pocz\u0105tek&#8221;"},"content":{"rendered":"\n<p>Halo, halo, pobudka \u201eGwarkowie\u201d Malina, Czes\u0142aw, Edol, Andrzej, Edward i sympatycy Ko\u0142a Jola, Ela, Danusia, Zbyszek oraz piesek \u201eTola\u201d w dniu 08.01.2022 r. o godz. 9:00 spod MOK Nowa Ruda udali si\u0119 na pierwszy tegoroczny spacer. W zwi\u0105zku z tym, \u017ce Park Strzelecki jest w remoncie trasa wiod\u0142a ul. \u0141u\u017cyck\u0105 i Anny do szlaku zielonego , potem trawersem do \u017c\u00f3\u0142tego i ostro do g\u00f3ry do Ko\u015bcio\u0142a \u015bw. Anny.<br>Bardzo ucieszy\u0142 nas widok praktycznie odbudowanych ju\u017c kapliczek d\u017cumowych na \u017c\u00f3\u0142tym szlaku. Po kr\u00f3tkim postoju udali\u015bmy si\u0119 szlakiem spacerowym do Bieganowa. Zdj\u0119cia na wielkiej \u0142awce Big Bench, ognisko w wyznaczonym miejscu \u2013 kie\u0142baski pyszne i w dobrych humorach powr\u00f3cili\u015bmy do miejsca startu.<br><\/p>\n\n\n\n<p>Niniejszym og\u0142aszam \u017ce Ko\u0142o Gwark\u00f3w Noworudzkich tradycyjnie rozpocz\u0119\u0142o spacery w<br>okresie zimowym. Zapraszamy na kolejny spacer 22.01.2022 r.<br><\/p>\n\n\n\n<p>Wycieczk\u0119 prowadzi\u0142 i opisa\u0142 kol. Edward Soja a tras\u0119 wycieczki dokumentowa\u0142 fotograficznie kol. Edward Lada.<\/p>\n\n\n\n<figure class=\"wp-block-table\"><table><tbody><tr><td>Data wycieczki<\/td><td>trasa<\/td><td>Punktacja GOT<\/td><td>Czy przodownik by\u0142 obecny<\/td><\/tr><tr><td>8.01.2022 r.<\/td><td>Nowa Ruda MOK \u2013 Prze\u0142\u0119cz pod Kr\u0119pcem \u2013 Biegan\u00f3w \u2013 Stara Lipa \u2013 Nowa Ruda MOK 7,2 km; 270 m przewy\u017csze\u0144<\/td><td>10 pkt GOT<\/td><td>TAK<\/td><\/tr><\/tbody><\/table><\/figure>\n\n\n\nngg_shortcode_0_placeholder\n","protected":false},"excerpt":{"rendered":"<p>Halo, halo, pobudka \u201eGwarkowie\u201d Malina, Czes\u0142aw, Edol, Andrzej, Edward i sympatycy Ko\u0142a Jola, Ela, Danusia, Zbyszek oraz piesek \u201eTola\u201d w dniu 08.01.2022 r. o godz. 9:00 spod MOK Nowa Ruda udali si\u0119 na pierwszy tegoroczny spacer. W zwi\u0105zku z tym, \u017ce Park Strzelecki jest w remoncie trasa wiod\u0142a ul. \u0141u\u017cyck\u0105 i Anny do szlaku zielonego [&hellip;]<\/p>\n","protected":false},"author":141,"featured_media":0,"comment_status":"closed","ping_status":"closed","sticky":false,"template":"","format":"standard","meta":{"ngg_post_thumbnail":0,"footnotes":""},"categories":[],"tags":[],"class_list":["post-3619","post","type-post","status-publish","format-standard","hentry"],"_links":{"self":[{"href":"https:\/\/kolo-nowaruda.klodzko.pttk.pl\/index.php\/wp-json\/wp\/v2\/posts\/3619","targetHints":{"allow":["GET"]}}],"collection":[{"href":"https:\/\/kolo-nowaruda.klodzko.pttk.pl\/index.php\/wp-json\/wp\/v2\/posts"}],"about":[{"href":"https:\/\/kolo-nowaruda.klodzko.pttk.pl\/index.php\/wp-json\/wp\/v2\/types\/post"}],"author":[{"embeddable":true,"href":"https:\/\/kolo-nowaruda.klodzko.pttk.pl\/index.php\/wp-json\/wp\/v2\/users\/141"}],"replies":[{"embeddable":true,"href":"https:\/\/kolo-nowaruda.klodzko.pttk.pl\/index.php\/wp-json\/wp\/v2\/comments?post=3619"}],"version-history":[{"count":3,"href":"https:\/\/kolo-nowaruda.klodzko.pttk.pl\/index.php\/wp-json\/wp\/v2\/posts\/3619\/revisions"}],"predecessor-version":[{"id":3723,"href":"https:\/\/kolo-nowaruda.klodzko.pttk.pl\/index.php\/wp-json\/wp\/v2\/posts\/3619\/revisions\/3723"}],"wp:attachment":[{"href":"https:\/\/kolo-nowaruda.klodzko.pttk.pl\/index.php\/wp-json\/wp\/v2\/media?parent=3619"}],"wp:term":[{"taxonomy":"category","embeddable":true,"href":"https:\/\/kolo-nowaruda.klodzko.pttk.pl\/index.php\/wp-json\/wp\/v2\/categories?post=3619"},{"taxonomy":"post_tag","embeddable":true,"href":"https:\/\/kolo-nowaruda.klodzko.pttk.pl\/index.php\/wp-json\/wp\/v2\/tags?post=3619"}],"curies":[{"name":"wp","href":"https:\/\/api.w.org\/{rel}","templated":true}]}}