{"id":37,"date":"2021-11-11T21:50:38","date_gmt":"2021-11-11T20:50:38","guid":{"rendered":"http:\/\/kolo-nowaruda.klodzko.n.pttk.pl\/?p=37"},"modified":"2021-11-13T22:16:00","modified_gmt":"2021-11-13T21:16:00","slug":"v-rajd-niepodleglosci","status":"publish","type":"post","link":"https:\/\/kolo-nowaruda.klodzko.pttk.pl\/index.php\/2021\/11\/11\/v-rajd-niepodleglosci\/","title":{"rendered":"VII Rajd Niepodleg\u0142o\u015bci"},"content":{"rendered":"\n<p>11 listopada 2021 w o\u015bmioosobowej grupie wyszli\u015bmy na spotkanie mglistym Wzg\u00f3rzom W\u0142odzickim. Tradycyjny &#8222;Rajd Niepodleg\u0142o\u015bci&#8221; zacz\u0105\u0142 si\u0119 na stacji Ludwikowice K\u0142odzkie, prowadzi\u0142 szlakiem czerwonym (a troch\u0119 poza szlakiem) przez dawn\u0105 koloni\u0119 Borek do nie istniej\u0105cej ju\u017c osady So\u015bnina (dawniej: Fichtig). Dalej szlakiem zielonym przez smagany wiatrem grzbiet g\u0142\u00f3wny Wzg\u00f3rz W\u0142odzickich, przez wzg\u00f3rze Pisztyk (z Drzewem Wisielca), potem u podn\u00f3\u017ca G\u00f3ry W\u0142odzickiej. Na zboczu G\u00f3ry W\u0142odzickiej zap\u0142on\u0119\u0142o ognisko, a potem rozpocz\u0119\u0142o si\u0119 kibicowanie biegaczom z gminnego Biegu Niepodleg\u0142o\u015bci. Z ostatnimi zawodnikami dotarli\u015bmy do mety biegu. Po kawie i herbacie i c\u00f3\u017c&#8230; pora wraca\u0107. Szlakiem \u017c\u00f3\u0142tym na stacj\u0119 \u015awierki Dolne, oczywi\u015bcie.<br>Rajd prowadzi\u0142: Przewodnik Sudecki kol. Witold Telus<\/p>\n\n\n\nngg_shortcode_0_placeholder\n","protected":false},"excerpt":{"rendered":"<p>11 listopada 2021 w o\u015bmioosobowej grupie wyszli\u015bmy na spotkanie mglistym Wzg\u00f3rzom W\u0142odzickim. Tradycyjny &#8222;Rajd Niepodleg\u0142o\u015bci&#8221; zacz\u0105\u0142 si\u0119 na stacji Ludwikowice K\u0142odzkie, prowadzi\u0142 szlakiem czerwonym (a troch\u0119 poza szlakiem) przez dawn\u0105 koloni\u0119 Borek do nie istniej\u0105cej ju\u017c osady So\u015bnina (dawniej: Fichtig). Dalej szlakiem zielonym przez smagany wiatrem grzbiet g\u0142\u00f3wny Wzg\u00f3rz W\u0142odzickich, przez wzg\u00f3rze Pisztyk (z Drzewem [&hellip;]<\/p>\n","protected":false},"author":141,"featured_media":0,"comment_status":"open","ping_status":"closed","sticky":false,"template":"","format":"standard","meta":{"ngg_post_thumbnail":0,"footnotes":""},"categories":[],"tags":[],"class_list":["post-37","post","type-post","status-publish","format-standard","hentry"],"_links":{"self":[{"href":"https:\/\/kolo-nowaruda.klodzko.pttk.pl\/index.php\/wp-json\/wp\/v2\/posts\/37","targetHints":{"allow":["GET"]}}],"collection":[{"href":"https:\/\/kolo-nowaruda.klodzko.pttk.pl\/index.php\/wp-json\/wp\/v2\/posts"}],"about":[{"href":"https:\/\/kolo-nowaruda.klodzko.pttk.pl\/index.php\/wp-json\/wp\/v2\/types\/post"}],"author":[{"embeddable":true,"href":"https:\/\/kolo-nowaruda.klodzko.pttk.pl\/index.php\/wp-json\/wp\/v2\/users\/141"}],"replies":[{"embeddable":true,"href":"https:\/\/kolo-nowaruda.klodzko.pttk.pl\/index.php\/wp-json\/wp\/v2\/comments?post=37"}],"version-history":[{"count":3,"href":"https:\/\/kolo-nowaruda.klodzko.pttk.pl\/index.php\/wp-json\/wp\/v2\/posts\/37\/revisions"}],"predecessor-version":[{"id":2280,"href":"https:\/\/kolo-nowaruda.klodzko.pttk.pl\/index.php\/wp-json\/wp\/v2\/posts\/37\/revisions\/2280"}],"wp:attachment":[{"href":"https:\/\/kolo-nowaruda.klodzko.pttk.pl\/index.php\/wp-json\/wp\/v2\/media?parent=37"}],"wp:term":[{"taxonomy":"category","embeddable":true,"href":"https:\/\/kolo-nowaruda.klodzko.pttk.pl\/index.php\/wp-json\/wp\/v2\/categories?post=37"},{"taxonomy":"post_tag","embeddable":true,"href":"https:\/\/kolo-nowaruda.klodzko.pttk.pl\/index.php\/wp-json\/wp\/v2\/tags?post=37"}],"curies":[{"name":"wp","href":"https:\/\/api.w.org\/{rel}","templated":true}]}}