{"id":3963,"date":"2022-04-09T21:53:00","date_gmt":"2022-04-09T19:53:00","guid":{"rendered":"http:\/\/kolo-nowaruda.klodzko.pttk.pl\/?p=3963"},"modified":"2022-04-14T23:46:40","modified_gmt":"2022-04-14T21:46:40","slug":"wokol-jeziora-bystrzyckiego","status":"publish","type":"post","link":"https:\/\/kolo-nowaruda.klodzko.pttk.pl\/index.php\/2022\/04\/09\/wokol-jeziora-bystrzyckiego\/","title":{"rendered":"Wok\u00f3\u0142 Jeziora Bystrzyckiego"},"content":{"rendered":"\n<p><em>Noworudzki UTW<\/em><\/p>\n\n\n\n<p>Miniona w\u0142a\u015bnie sobota (9 kwietnia) przywita\u0142a \u015bwiat zimowym krajobrazem. No wycieczkowa pogoda to zupe\u0142nie nie by\u0142a. Ale&#8230; prawie pi\u0119\u0107dziesi\u0119cioosobowa grupa turyst\u00f3w z\u0142o\u017cona z Uniwersyteckich AniKij\u00f3w i PTTK-owskich Gwark\u00f3w Noworudzkich, ochoczo wsiad\u0142a do smailbusowego autobusu, tym razem z Kamilk\u0105 za k\u00f3\u0142kiem. Ze wzgl\u0119du na r\u00f3\u017cne przeciwno\u015bci losu trasa wycieczki zosta\u0142a nieco zmodyfikowana i na pocz\u0105tek \u201ewyl\u0105dowali\u015bmy\u201d w kamienio\u0142omie Kamyki w G\u0142uszycy G\u00f3rnej. Nie pada\u0142o, wi\u0119c ca\u0142a grupa szybciutko ustawi\u0142a si\u0119 do zdj\u0119cia na tle jeziorka (ledwie mieszcz\u0105c si\u0119 w obiektywie aparatu) \u2013 i w tym momencie wyjrza\u0142o s\u0142o\u0144ce, kt\u00f3re towarzyszy\u0142o nam ju\u017c do ko\u0144ca dnia. Spacerkiem poszli\u015bmy na punkt widokowy zwany Kapita\u0144skim Widokiem. Melafirowe ska\u0142y Ostoi i Raroga i cudna, w morskim kolorze woda jeziorka urzek\u0142a wszystkich. No i ju\u017c wiemy, \u017ce nad jeziorkiem b\u0119dzie przerzucony widokowy most linowy i to w najbli\u017cszym czasie. Po drodze do Zag\u00f3rza \u015al\u0105skiego wys\u0142uchali\u015bmy opowie\u015bci o \u017celaznej lipie w Podlesiu, kt\u00f3rej niestety nie zobaczyli\u015bmy, przejechali\u015bmy przez Most Widokowy (przed Zag\u00f3rzem \u2013 dlaczego widokowy?) i znowu spacerkiem poszli\u015bmy nad jezioro. Z Ptasiego Mostu popatrzyli\u015bmy na Zamek Grodno i na dobr\u0105 kawk\u0119 zakotwiczyli\u015bmy w Marii Antoninie (dawny Wodnik). A potem, wzmocnieni i wypocz\u0119ci (po czym?) \u017c\u00f3\u0142tym szlakiem pomaszerowali\u015bmy brzegiem jeziora do Zapory. By\u0142o cudnie. Majestatyczna, kamienna budowla z lat 1914 \u2013 1917 wabi\u0142a o\u015bwietlona s\u0142o\u0144cem. Oczywi\u015bcie chwil\u0119 spacerujemy po niej pokonuj\u0105c ca\u0142e 230 m tam i z powrotem i ogl\u0105daj\u0105c krajobraz z wysoko\u015bci ponad 40 m \u2013 a jest na co popatrze\u0107. Przed nami doskonale wida\u0107 Lubach\u00f3w, do kt\u00f3rego schodzimy po chwili zielonym szlakiem. O\u015brodek Maria\u017c czeka ju\u017c na nas z obiadem w postaci pierogowego szwedzkiego sto\u0142u. Do zdegustowania by\u0142y r\u00f3\u017cno\u015bci. Opr\u00f3cz tradycyjnych, by\u0142y pierogi z soczewic\u0105, szpinakiem, kasz\u0105 gryczan\u0105 z boczkiem i jeszcze troch\u0119 innych wymy\u015blnych gotowanych i sma\u017conych. A potem by\u0142o spotkanie z osio\u0142kami. Bo w tym\u017ce o\u015brodku hoduje si\u0119 osio\u0142ki, kt\u00f3re pomagaj\u0105 ludziom, albowiem s\u0105 to zwierz\u0119ta bardo przyjazne i straszne pieszczochy do tego. Terapeutyczne zaj\u0119cia z osio\u0142kami to onoterapia. Jak wygl\u0105daj\u0105 takie zaj\u0119cia terapeutyczne, hodowla os\u0142\u00f3w i ich zwyczaje opowiadali nam pp. Katarzyna i Krzysztof S\u0142upscy, na co dzie\u0144 prowadz\u0105cy zaj\u0119cia terapeutyczne, rekreacyjne, rehabilitacyjne i edukacyjne. Osio\u0142ki okaza\u0142y si\u0119 bardzo przyjazne i godzinka sp\u0119dzona z nimi bardzo mi\u0142a.<\/p>\n\n\n\n<p><em>Anna Szczepan<\/em><\/p>\n\n\n\nngg_shortcode_0_placeholder\n","protected":false},"excerpt":{"rendered":"<p>Noworudzki UTW Miniona w\u0142a\u015bnie sobota (9 kwietnia) przywita\u0142a \u015bwiat zimowym krajobrazem. No wycieczkowa pogoda to zupe\u0142nie nie by\u0142a. Ale&#8230; prawie pi\u0119\u0107dziesi\u0119cioosobowa grupa turyst\u00f3w z\u0142o\u017cona z Uniwersyteckich AniKij\u00f3w i PTTK-owskich Gwark\u00f3w Noworudzkich, ochoczo wsiad\u0142a do smailbusowego autobusu, tym razem z Kamilk\u0105 za k\u00f3\u0142kiem. Ze wzgl\u0119du na r\u00f3\u017cne przeciwno\u015bci losu trasa wycieczki zosta\u0142a nieco zmodyfikowana i na [&hellip;]<\/p>\n","protected":false},"author":141,"featured_media":0,"comment_status":"closed","ping_status":"closed","sticky":false,"template":"","format":"standard","meta":{"ngg_post_thumbnail":0,"footnotes":""},"categories":[],"tags":[],"class_list":["post-3963","post","type-post","status-publish","format-standard","hentry"],"_links":{"self":[{"href":"https:\/\/kolo-nowaruda.klodzko.pttk.pl\/index.php\/wp-json\/wp\/v2\/posts\/3963","targetHints":{"allow":["GET"]}}],"collection":[{"href":"https:\/\/kolo-nowaruda.klodzko.pttk.pl\/index.php\/wp-json\/wp\/v2\/posts"}],"about":[{"href":"https:\/\/kolo-nowaruda.klodzko.pttk.pl\/index.php\/wp-json\/wp\/v2\/types\/post"}],"author":[{"embeddable":true,"href":"https:\/\/kolo-nowaruda.klodzko.pttk.pl\/index.php\/wp-json\/wp\/v2\/users\/141"}],"replies":[{"embeddable":true,"href":"https:\/\/kolo-nowaruda.klodzko.pttk.pl\/index.php\/wp-json\/wp\/v2\/comments?post=3963"}],"version-history":[{"count":2,"href":"https:\/\/kolo-nowaruda.klodzko.pttk.pl\/index.php\/wp-json\/wp\/v2\/posts\/3963\/revisions"}],"predecessor-version":[{"id":4061,"href":"https:\/\/kolo-nowaruda.klodzko.pttk.pl\/index.php\/wp-json\/wp\/v2\/posts\/3963\/revisions\/4061"}],"wp:attachment":[{"href":"https:\/\/kolo-nowaruda.klodzko.pttk.pl\/index.php\/wp-json\/wp\/v2\/media?parent=3963"}],"wp:term":[{"taxonomy":"category","embeddable":true,"href":"https:\/\/kolo-nowaruda.klodzko.pttk.pl\/index.php\/wp-json\/wp\/v2\/categories?post=3963"},{"taxonomy":"post_tag","embeddable":true,"href":"https:\/\/kolo-nowaruda.klodzko.pttk.pl\/index.php\/wp-json\/wp\/v2\/tags?post=3963"}],"curies":[{"name":"wp","href":"https:\/\/api.w.org\/{rel}","templated":true}]}}