{"id":4099,"date":"2022-04-24T20:19:57","date_gmt":"2022-04-24T18:19:57","guid":{"rendered":"http:\/\/kolo-nowaruda.klodzko.pttk.pl\/?p=4099"},"modified":"2022-04-24T20:23:17","modified_gmt":"2022-04-24T18:23:17","slug":"zebranie-sprawozdawczo-wyborcze","status":"publish","type":"post","link":"https:\/\/kolo-nowaruda.klodzko.pttk.pl\/index.php\/2022\/04\/24\/zebranie-sprawozdawczo-wyborcze\/","title":{"rendered":"Zebranie sprawozdawczo-wyborcze"},"content":{"rendered":"\n<p>24 kwietnia 2022r. w Sali Miedzianej Miejskiego O\u015brodka Kultury w Nowej Rudzie odby\u0142o si\u0119 Zebranie sprawozdawczo-wyborcze naszego Ko\u0142a.<\/p>\n\n\n\n<p>II Kadencj\u0119 2016-2022 zako\u0144czyli:<\/p>\n\n\n\n<p>Prezes Zarz\u0105du, kol. Edward Lada<br>Wiceprezes Zarz\u0105du, kol. Czes\u0142aw Dominas<br>Sekretarz Zarz\u0105du, kol. El\u017cbieta Bisikiewicz<br>Skarbnik Zarz\u0105du, kol. Witold Telus<br>Cz\u0142onek Zarz\u0105du, kol. Edward Soja.<\/p>\n\n\n\n<p>Po odczytaniu sprawozdania i protoko\u0142u pokontrolnego Oddzia\u0142owej Komisji Rewizyjnej zebrani w drodze g\u0142osowania udzielili absolutorium ust\u0119puj\u0105cemu zarz\u0105dowi Ko\u0142a. Serdecznie dzi\u0119kujemy za wiele lat ci\u0119\u017ckiej pracy na rzecz Ko\u0142a!<\/p>\n\n\n\n<p>Do nowego Zarz\u0105du zostali wybrani, na III Kadencj\u0119:<\/p>\n\n\n\n<p><strong>Prezes Zarz\u0105du<\/strong>, kol. Witold Telus<br><strong>Skarbnik Zarz\u0105du<\/strong>, kol. Edward Soja<br><strong>Cz\u0142onek Zarz\u0105du<\/strong>, kol. Jaros\u0142aw Zychowicz<\/p>\n\n\n\n<p>Nadto, za jednomy\u015bln\u0105 zgod\u0105 obecnych kol. <strong>Czes\u0142aw Dominas<\/strong> zosta\u0142 zaproszony do udzia\u0142u w pracach Zarz\u0105du jako <strong>Cz\u0142onek Honorowy Zarz\u0105du Ko\u0142a<\/strong>.<\/p>\n\n\n\n<p><strong>Delegatami<\/strong> na Zjazd Oddzia\u0142u zostali wybrani:<\/p>\n\n\n\n<p>kol. Witold Telus<br>kol. Edward Lada<br>kol. Edward Soja<br>kol. Jaros\u0142aw Zychowicz<\/p>\n\n\n\n<p>Wszystkim, kt\u00f3rym powierzono zaszczytne funkcje gratulujemy i \u017cyczymy wytrwa\u0142o\u015bci.<\/p>\n\n\n\nngg_shortcode_0_placeholder\n","protected":false},"excerpt":{"rendered":"<p>24 kwietnia 2022r. w Sali Miedzianej Miejskiego O\u015brodka Kultury w Nowej Rudzie odby\u0142o si\u0119 Zebranie sprawozdawczo-wyborcze naszego Ko\u0142a. II Kadencj\u0119 2016-2022 zako\u0144czyli: Prezes Zarz\u0105du, kol. Edward LadaWiceprezes Zarz\u0105du, kol. Czes\u0142aw DominasSekretarz Zarz\u0105du, kol. El\u017cbieta BisikiewiczSkarbnik Zarz\u0105du, kol. Witold TelusCz\u0142onek Zarz\u0105du, kol. Edward Soja. Po odczytaniu sprawozdania i protoko\u0142u pokontrolnego Oddzia\u0142owej Komisji Rewizyjnej zebrani w drodze [&hellip;]<\/p>\n","protected":false},"author":141,"featured_media":0,"comment_status":"closed","ping_status":"closed","sticky":false,"template":"","format":"standard","meta":{"ngg_post_thumbnail":0,"footnotes":""},"categories":[],"tags":[],"class_list":["post-4099","post","type-post","status-publish","format-standard","hentry"],"_links":{"self":[{"href":"https:\/\/kolo-nowaruda.klodzko.pttk.pl\/index.php\/wp-json\/wp\/v2\/posts\/4099","targetHints":{"allow":["GET"]}}],"collection":[{"href":"https:\/\/kolo-nowaruda.klodzko.pttk.pl\/index.php\/wp-json\/wp\/v2\/posts"}],"about":[{"href":"https:\/\/kolo-nowaruda.klodzko.pttk.pl\/index.php\/wp-json\/wp\/v2\/types\/post"}],"author":[{"embeddable":true,"href":"https:\/\/kolo-nowaruda.klodzko.pttk.pl\/index.php\/wp-json\/wp\/v2\/users\/141"}],"replies":[{"embeddable":true,"href":"https:\/\/kolo-nowaruda.klodzko.pttk.pl\/index.php\/wp-json\/wp\/v2\/comments?post=4099"}],"version-history":[{"count":2,"href":"https:\/\/kolo-nowaruda.klodzko.pttk.pl\/index.php\/wp-json\/wp\/v2\/posts\/4099\/revisions"}],"predecessor-version":[{"id":4101,"href":"https:\/\/kolo-nowaruda.klodzko.pttk.pl\/index.php\/wp-json\/wp\/v2\/posts\/4099\/revisions\/4101"}],"wp:attachment":[{"href":"https:\/\/kolo-nowaruda.klodzko.pttk.pl\/index.php\/wp-json\/wp\/v2\/media?parent=4099"}],"wp:term":[{"taxonomy":"category","embeddable":true,"href":"https:\/\/kolo-nowaruda.klodzko.pttk.pl\/index.php\/wp-json\/wp\/v2\/categories?post=4099"},{"taxonomy":"post_tag","embeddable":true,"href":"https:\/\/kolo-nowaruda.klodzko.pttk.pl\/index.php\/wp-json\/wp\/v2\/tags?post=4099"}],"curies":[{"name":"wp","href":"https:\/\/api.w.org\/{rel}","templated":true}]}}