{"id":4332,"date":"2022-07-02T09:40:00","date_gmt":"2022-07-02T07:40:00","guid":{"rendered":"http:\/\/kolo-nowaruda.klodzko.pttk.pl\/?p=4332"},"modified":"2023-06-06T22:03:23","modified_gmt":"2023-06-06T20:03:23","slug":"sawanna-pasterska","status":"publish","type":"post","link":"https:\/\/kolo-nowaruda.klodzko.pttk.pl\/index.php\/2022\/07\/02\/sawanna-pasterska\/","title":{"rendered":"Na Prze\u0142\u0119czy Trzech Dolin &#8211; \u015al\u0105skie &#8222;Tatry&#8221;"},"content":{"rendered":"\n<p>Niedzielna wyprawa, zorganizowana spontanicznie przez grup\u0119 PTTK &#8222;Ko\u0142o Gwark\u00f3w Noworudzkich&#8221; \u2013 Na Prze\u0142\u0119czy Trzech Dolin, \u015al\u0105skie Tatry rozpocz\u0119\u0142a si\u0119 przy Schronisku Andrzej\u00f3wka (najm\u0142odszym w Sudetach).<br>8 w\u0119drowc\u00f3w, w dobrych humorach wesz\u0142o na niebieski szlak. Po drodze mijali nas rowerzy\u015bci, kt\u00f3rzy brali udzia\u0142 w wy\u015bcigu g\u00f3rskim. Szlak by\u0142 wymagaj\u0105cy, stromy. Wsp\u00f3lne poruszanie si\u0119 na tej samej trasie stanowi\u0142o dla piechur\u00f3w i dla kolarzy znaczne utrudnienie.<br>Zaliczyli\u015bmy tzw. WKS, to jest szczyty: W\u0142osowa, Kostrzyna i Suchawa, wszystkie o stromych zboczach. Trzeba tez wspomnie\u0107 o naparstnicach , kwitn\u0105cych na szlaku.<br>W Soko\u0142owsku d\u0142u\u017cszy odpoczynek, oczywi\u015bcie w cieniu ,posi\u0142ek, lody i inne smako\u0142yki. Wst\u0105pili\u015bmy do otwartej prawos\u0142awnej Cerkwi \u015bw. Micha\u0142a Archanio\u0142a. Droga powrotna spokojna, zielonym szlakiem prosto do schroniska kusz\u0105cego nas ciep\u0142ym posi\u0142kiem.<br>Och, o ma\u0142y w\u0142os zapomnia\u0142em wspomnie\u0107 o pere\u0142ce czyli ko\u015bci\u00f3\u0142ku drewnianym \u015bw. Jadwigi \u015al\u0105skiej w Rybnicy Le\u015bnej powsta\u0142ego ok 1600 roku. Obok ko\u015bcio\u0142a wznosi si\u0119 na murowanym cokole z bram\u0105 czworoboczn\u0105 drewniana dzwonnica. Ko\u015bci\u00f3\u0142 by\u0142 otwarty i mogli\u015bmy go obejrze\u0107.<\/p>\n\n\n\n<p><br>Andrzej Wi\u015bniewski<br>foto Edward Lada<\/p>\n\n\n\nngg_shortcode_0_placeholder\n","protected":false},"excerpt":{"rendered":"<p>Niedzielna wyprawa, zorganizowana spontanicznie przez grup\u0119 PTTK &#8222;Ko\u0142o Gwark\u00f3w Noworudzkich&#8221; \u2013 Na Prze\u0142\u0119czy Trzech Dolin, \u015al\u0105skie Tatry rozpocz\u0119\u0142a si\u0119 przy Schronisku Andrzej\u00f3wka (najm\u0142odszym w Sudetach).8 w\u0119drowc\u00f3w, w dobrych humorach wesz\u0142o na niebieski szlak. Po drodze mijali nas rowerzy\u015bci, kt\u00f3rzy brali udzia\u0142 w wy\u015bcigu g\u00f3rskim. Szlak by\u0142 wymagaj\u0105cy, stromy. Wsp\u00f3lne poruszanie si\u0119 na tej samej trasie [&hellip;]<\/p>\n","protected":false},"author":141,"featured_media":0,"comment_status":"closed","ping_status":"closed","sticky":false,"template":"","format":"standard","meta":{"ngg_post_thumbnail":0,"footnotes":""},"categories":[],"tags":[],"class_list":["post-4332","post","type-post","status-publish","format-standard","hentry"],"_links":{"self":[{"href":"https:\/\/kolo-nowaruda.klodzko.pttk.pl\/index.php\/wp-json\/wp\/v2\/posts\/4332","targetHints":{"allow":["GET"]}}],"collection":[{"href":"https:\/\/kolo-nowaruda.klodzko.pttk.pl\/index.php\/wp-json\/wp\/v2\/posts"}],"about":[{"href":"https:\/\/kolo-nowaruda.klodzko.pttk.pl\/index.php\/wp-json\/wp\/v2\/types\/post"}],"author":[{"embeddable":true,"href":"https:\/\/kolo-nowaruda.klodzko.pttk.pl\/index.php\/wp-json\/wp\/v2\/users\/141"}],"replies":[{"embeddable":true,"href":"https:\/\/kolo-nowaruda.klodzko.pttk.pl\/index.php\/wp-json\/wp\/v2\/comments?post=4332"}],"version-history":[{"count":7,"href":"https:\/\/kolo-nowaruda.klodzko.pttk.pl\/index.php\/wp-json\/wp\/v2\/posts\/4332\/revisions"}],"predecessor-version":[{"id":4481,"href":"https:\/\/kolo-nowaruda.klodzko.pttk.pl\/index.php\/wp-json\/wp\/v2\/posts\/4332\/revisions\/4481"}],"wp:attachment":[{"href":"https:\/\/kolo-nowaruda.klodzko.pttk.pl\/index.php\/wp-json\/wp\/v2\/media?parent=4332"}],"wp:term":[{"taxonomy":"category","embeddable":true,"href":"https:\/\/kolo-nowaruda.klodzko.pttk.pl\/index.php\/wp-json\/wp\/v2\/categories?post=4332"},{"taxonomy":"post_tag","embeddable":true,"href":"https:\/\/kolo-nowaruda.klodzko.pttk.pl\/index.php\/wp-json\/wp\/v2\/tags?post=4332"}],"curies":[{"name":"wp","href":"https:\/\/api.w.org\/{rel}","templated":true}]}}