{"id":5423,"date":"2023-01-14T20:44:02","date_gmt":"2023-01-14T19:44:02","guid":{"rendered":"http:\/\/kolo-nowaruda.klodzko.pttk.pl\/?p=5423"},"modified":"2023-01-17T20:45:28","modified_gmt":"2023-01-17T19:45:28","slug":"zimowe-gwarkowanie-po-raz-pierwszy","status":"publish","type":"post","link":"https:\/\/kolo-nowaruda.klodzko.pttk.pl\/index.php\/2023\/01\/14\/zimowe-gwarkowanie-po-raz-pierwszy\/","title":{"rendered":"Zimowe Gwarkowanie po raz pierwszy"},"content":{"rendered":"\n<p>Po\u0142owa stycznia (14-go), wi\u0119c zimowe chodzenie najwy\u017cszy czas zacz\u0105\u0107. No wi\u0119c zacz\u0119li\u015bmy. Skrzykn\u0119\u0142a si\u0119 oko\u0142o 40-to osobowa grupa PTTK-owskich Gwark\u00f3w i uniwersyteckich AniKiji i wyruszy\u0142a na zaplanowan\u0105 tras\u0119. Ju\u017c na ulicy \u0141u\u017cyckiej troch\u0119 trasa nam si\u0119 zmodyfikowa\u0142a, ze wzgl\u0119du na du\u017ce b\u0142otne zagro\u017cenie na Drodze Starom\u0142y\u0144skiej. Pozdrowili\u015bmy \u015bw. Miko\u0142aja w niszowej kapliczce oraz \u015bw. Ann\u0119 z Maryj\u0105 na pomniku (przestawionym nieco z dawnego miejsca). Skr\u0119cili\u015bmy w lewo no i\u2026 te\u017c by\u0142o b\u0142otnisto. Min\u0119li\u015bmy ma\u0142\u0105 wiatk\u0119 pod Kr\u0119pcem i pow\u0119drowali\u015bmy dalej &#8222;na Ann\u0119&#8221;. Wiata nieco wi\u0119ksza, du\u017ce miejsce na ognisko, kt\u00f3re zreszt\u0105 za chwil\u0119 zap\u0142on\u0119\u0142o, a po okolicy rozszed\u0142 si\u0119 smakowity zapach pieczonych kie\u0142basek. Rozgadani (bo dawno si\u0119 nie widzieli\u015bmy), co nieco podjad\u0142szy udali\u015bmy si\u0119 szlakiem D\u017cumowych Kapliczek do Parku Strzeleckiego, sympatycznego nawet o tej porze roku. Koniec rajdu og\u0142oszony zosta\u0142 w miejscu startu &#8211; czyli przy MOK. By\u0142o fajnie turystycznie. I ju\u017c um\u00f3wili\u015bmy si\u0119 na nast\u0119pne w\u0119drowanie za dwa tygodnie. Zapraszamy wszystkich, kt\u00f3rzy lubi\u0105 \u0142azikowa\u0107.<br>Do zobaczenia na trasie!<\/p>\n\n\n\n<p>Anna Szczepan<br>Noworudzki UTW<\/p>\n\n\n\nngg_shortcode_0_placeholder\n","protected":false},"excerpt":{"rendered":"<p>Po\u0142owa stycznia (14-go), wi\u0119c zimowe chodzenie najwy\u017cszy czas zacz\u0105\u0107. No wi\u0119c zacz\u0119li\u015bmy. Skrzykn\u0119\u0142a si\u0119 oko\u0142o 40-to osobowa grupa PTTK-owskich Gwark\u00f3w i uniwersyteckich AniKiji i wyruszy\u0142a na zaplanowan\u0105 tras\u0119. Ju\u017c na ulicy \u0141u\u017cyckiej troch\u0119 trasa nam si\u0119 zmodyfikowa\u0142a, ze wzgl\u0119du na du\u017ce b\u0142otne zagro\u017cenie na Drodze Starom\u0142y\u0144skiej. Pozdrowili\u015bmy \u015bw. Miko\u0142aja w niszowej kapliczce oraz \u015bw. Ann\u0119 [&hellip;]<\/p>\n","protected":false},"author":141,"featured_media":0,"comment_status":"closed","ping_status":"closed","sticky":false,"template":"","format":"standard","meta":{"ngg_post_thumbnail":0,"footnotes":""},"categories":[],"tags":[],"class_list":["post-5423","post","type-post","status-publish","format-standard","hentry"],"_links":{"self":[{"href":"https:\/\/kolo-nowaruda.klodzko.pttk.pl\/index.php\/wp-json\/wp\/v2\/posts\/5423","targetHints":{"allow":["GET"]}}],"collection":[{"href":"https:\/\/kolo-nowaruda.klodzko.pttk.pl\/index.php\/wp-json\/wp\/v2\/posts"}],"about":[{"href":"https:\/\/kolo-nowaruda.klodzko.pttk.pl\/index.php\/wp-json\/wp\/v2\/types\/post"}],"author":[{"embeddable":true,"href":"https:\/\/kolo-nowaruda.klodzko.pttk.pl\/index.php\/wp-json\/wp\/v2\/users\/141"}],"replies":[{"embeddable":true,"href":"https:\/\/kolo-nowaruda.klodzko.pttk.pl\/index.php\/wp-json\/wp\/v2\/comments?post=5423"}],"version-history":[{"count":1,"href":"https:\/\/kolo-nowaruda.klodzko.pttk.pl\/index.php\/wp-json\/wp\/v2\/posts\/5423\/revisions"}],"predecessor-version":[{"id":5424,"href":"https:\/\/kolo-nowaruda.klodzko.pttk.pl\/index.php\/wp-json\/wp\/v2\/posts\/5423\/revisions\/5424"}],"wp:attachment":[{"href":"https:\/\/kolo-nowaruda.klodzko.pttk.pl\/index.php\/wp-json\/wp\/v2\/media?parent=5423"}],"wp:term":[{"taxonomy":"category","embeddable":true,"href":"https:\/\/kolo-nowaruda.klodzko.pttk.pl\/index.php\/wp-json\/wp\/v2\/categories?post=5423"},{"taxonomy":"post_tag","embeddable":true,"href":"https:\/\/kolo-nowaruda.klodzko.pttk.pl\/index.php\/wp-json\/wp\/v2\/tags?post=5423"}],"curies":[{"name":"wp","href":"https:\/\/api.w.org\/{rel}","templated":true}]}}