{"id":5469,"date":"2023-01-28T22:55:10","date_gmt":"2023-01-28T21:55:10","guid":{"rendered":"http:\/\/kolo-nowaruda.klodzko.pttk.pl\/?p=5469"},"modified":"2023-01-29T22:56:54","modified_gmt":"2023-01-29T21:56:54","slug":"zimowe-gwarkowanie-czesc-3","status":"publish","type":"post","link":"https:\/\/kolo-nowaruda.klodzko.pttk.pl\/index.php\/2023\/01\/28\/zimowe-gwarkowanie-czesc-3\/","title":{"rendered":"Zimowe Gwarkowanie, cz\u0119\u015b\u0107 2"},"content":{"rendered":"\n<p>28 stycznia,wesp\u00f3\u0142 w zesp\u00f3\u0142 PTTK-owcy i Studenci Seniorzy wyruszyli na zimowy szlak. Spotkanie o 9.30 na stacji kolejowej Nowa Ruda, jak zosta\u0142o zaplanowane. Tyle, \u017ce zaplanowana (nieco ambitniejsza trasa), ze wzgl\u0119du na warunki pogodowe zosta\u0142a troch\u0119 zmodyfikowana. A wi\u0119c po wsp\u00f3lnym zdj\u0119ciu i cukierku na drog\u0119 przeszli\u015bmy pod MOK, aby stamt\u0105d wyruszy\u0107 zielonym szlakiem na G\u00f3r\u0119 \u015bw. Anny. Ju\u017c powy\u017cej pami\u0105tkowego kamienia Carla Ferchego zacz\u0105\u0142 si\u0119 zimowy krajobraz. Sapi\u0105c deczko i rozgl\u0105daj\u0105c si\u0119 doko\u0142a dotarli\u015bmy pod dobrze znan\u0105 wiat\u0119 na Annie. By\u0142o bia\u0142o, drzewa w puchowych szatach &#8211; znale\u017ali\u015bmy si\u0119 w i\u015bcie bajkowym \u015bwiecie. Troch\u0119 zabrak\u0142o s\u0142o\u0144ca i dalekich widok\u00f3w, ale ognisko by\u0142o jak si\u0119 patrzy. No i usma\u017cone kie\u0142baski te\u017c jak si\u0119 patrzy. Si\u0142y zosta\u0142y wzmocnione i w doskona\u0142ych humorach, w kopnym \u015bniegu pow\u0119drowali\u015bmy na Kr\u0119piec. W takim czarodziejskim otoczeniu zeszli\u015bmy do Doliny Mumink\u00f3w i pierwszej D\u017cumowej Kapliczki. A potem zrobi\u0142o si\u0119 troch\u0119 prozaicznie i \u015blisko &#8211; dobrze, \u017ce pod r\u0119k\u0105 by\u0142y p\u0142oty otaczaj\u0105ce dzia\u0142ki. Do ulicy \u0141u\u017cyckiej dotarli\u015bmy jednak bez przyg\u00f3d i niekontrolowanych zjazd\u00f3w. Przy MOK 24 osoby podzi\u0119kowa\u0142y sobie za wsp\u00f3lny spacer obiecuj\u0105c ju\u017c kolejny za dwa tygodnie. Niech \u017ca\u0142uj\u0105 ci, kt\u00f3rzy z nami nie poszli. Ale mo\u017ce wybior\u0105 si\u0119 nast\u0119pnym razem? Zapraszamy!<\/p>\n\n\n\n<p><em>Anna Szczepan<\/em><\/p>\n\n\n\n<p><em>Noworudzki UTW<\/em><\/p>\n\n\n\nngg_shortcode_0_placeholder\n","protected":false},"excerpt":{"rendered":"<p>28 stycznia,wesp\u00f3\u0142 w zesp\u00f3\u0142 PTTK-owcy i Studenci Seniorzy wyruszyli na zimowy szlak. Spotkanie o 9.30 na stacji kolejowej Nowa Ruda, jak zosta\u0142o zaplanowane. Tyle, \u017ce zaplanowana (nieco ambitniejsza trasa), ze wzgl\u0119du na warunki pogodowe zosta\u0142a troch\u0119 zmodyfikowana. A wi\u0119c po wsp\u00f3lnym zdj\u0119ciu i cukierku na drog\u0119 przeszli\u015bmy pod MOK, aby stamt\u0105d wyruszy\u0107 zielonym szlakiem na [&hellip;]<\/p>\n","protected":false},"author":141,"featured_media":0,"comment_status":"closed","ping_status":"closed","sticky":false,"template":"","format":"standard","meta":{"ngg_post_thumbnail":0,"footnotes":""},"categories":[],"tags":[],"class_list":["post-5469","post","type-post","status-publish","format-standard","hentry"],"_links":{"self":[{"href":"https:\/\/kolo-nowaruda.klodzko.pttk.pl\/index.php\/wp-json\/wp\/v2\/posts\/5469","targetHints":{"allow":["GET"]}}],"collection":[{"href":"https:\/\/kolo-nowaruda.klodzko.pttk.pl\/index.php\/wp-json\/wp\/v2\/posts"}],"about":[{"href":"https:\/\/kolo-nowaruda.klodzko.pttk.pl\/index.php\/wp-json\/wp\/v2\/types\/post"}],"author":[{"embeddable":true,"href":"https:\/\/kolo-nowaruda.klodzko.pttk.pl\/index.php\/wp-json\/wp\/v2\/users\/141"}],"replies":[{"embeddable":true,"href":"https:\/\/kolo-nowaruda.klodzko.pttk.pl\/index.php\/wp-json\/wp\/v2\/comments?post=5469"}],"version-history":[{"count":2,"href":"https:\/\/kolo-nowaruda.klodzko.pttk.pl\/index.php\/wp-json\/wp\/v2\/posts\/5469\/revisions"}],"predecessor-version":[{"id":5471,"href":"https:\/\/kolo-nowaruda.klodzko.pttk.pl\/index.php\/wp-json\/wp\/v2\/posts\/5469\/revisions\/5471"}],"wp:attachment":[{"href":"https:\/\/kolo-nowaruda.klodzko.pttk.pl\/index.php\/wp-json\/wp\/v2\/media?parent=5469"}],"wp:term":[{"taxonomy":"category","embeddable":true,"href":"https:\/\/kolo-nowaruda.klodzko.pttk.pl\/index.php\/wp-json\/wp\/v2\/categories?post=5469"},{"taxonomy":"post_tag","embeddable":true,"href":"https:\/\/kolo-nowaruda.klodzko.pttk.pl\/index.php\/wp-json\/wp\/v2\/tags?post=5469"}],"curies":[{"name":"wp","href":"https:\/\/api.w.org\/{rel}","templated":true}]}}