{"id":5532,"date":"2023-02-25T16:15:34","date_gmt":"2023-02-25T15:15:34","guid":{"rendered":"http:\/\/kolo-nowaruda.klodzko.pttk.pl\/?p=5532"},"modified":"2023-02-28T21:48:46","modified_gmt":"2023-02-28T20:48:46","slug":"zimowe-gwarkowanie-cz-iv","status":"publish","type":"post","link":"https:\/\/kolo-nowaruda.klodzko.pttk.pl\/index.php\/2023\/02\/25\/zimowe-gwarkowanie-cz-iv\/","title":{"rendered":"Zimowe Gwarkowanie cz. IV &#8211; b\u0142otko tu, b\u0142otko tam&#8230;"},"content":{"rendered":"\n<p>&nbsp;<strong>Sobotnia pogoda (25 lutego) rajdowa nie by\u0142a zupe\u0142nie. Wia\u0142o, posypywa\u0142o mokrym \u015bniegiem i w og\u00f3le zniech\u0119ca\u0142o do wyj\u015bcia z domu. Tymczasem zebra\u0142o si\u0119 dwudziestu o\u015bmiu turyst\u00f3w &#8222;nie do zdarcia&#8221; z\u0142o\u017conych z uniwersyteckich (NUTW) i gwarkowych (PTTK) piechur\u00f3w. Pod przewodnictwem PTG kol. Edka Soi, rze\u015bko wyruszyli spod &#8222;Intermarche&#8221;, by po kilkunastu minutach znale\u017a\u0107 si\u0119 przy zabytkowym obelisku (po\u0142owa XIX w.) na Os. Wary\u0144skiego. Niestety bli\u017cszych informacji na temat tego obiektu nie znamy. Jest tylko domniemanie, \u017ce zosta\u0142 tu sk\u0105d\u015b przeniesiony. Gdy stan\u0119li\u015bmy na &#8211; powiedzmy punkcie widokowym przed wej\u015bciem na Szlak Dw\u00f3ch Wie\u017c przesta\u0142o pada\u0107 &#8222;takie dziwne co\u015b &#8211; ni to deszcz ni to \u015bnieg&#8221;, ale nasze nadzieje na obejrzenie \u0142adnych widok\u00f3w spe\u0142z\u0142y jednak na niczym. Szlak Dw\u00f3ch Wie\u017c okaza\u0142 si\u0119 mocno b\u0142otnisty, ale do przej\u015bcia. Po chwili kto\u015b wymy\u015bli\u0142 przej\u015bcie po \u0142\u0105ce. I by\u0142o ca\u0142kiem dobrze. Tylko nieco utrudniony by\u0142 powr\u00f3t na w\u0142a\u015bciw\u0105 \u015bcie\u017ck\u0119. Bo to drut kolczasty tu i \u00f3wdzie, r\u00f3w wype\u0142niony bryj\u0105 wody ze \u015bniegiem (na szcz\u0119\u015bcie nie g\u0142\u0119boki), albo krzaki i b\u0142oto w oko\u0142o. Ale wszyscy dali rad\u0119 i prawie razem dotarli do skrzy\u017cowanie z ul. Ko\u0142ow\u0105, gdzie znowu posypa\u0142o nas deszczowym \u015bniegiem. Schodz\u0105c w d\u00f3\u0142 do drogi g\u0142\u00f3wnej min\u0119li\u015bmy zapomniany, zabytkowy metalowy krzy\u017c na postumencie z czerwonego piaskowca z 1823 roku. Dalej nasza droga wiod\u0142a w kierunku Dzikowca. Przy Zak\u0142adzie Przer\u00f3bki Kamienia obszczeka\u0142y nas wszystkie psy (jak zwykle), ale bezpiecznie skr\u0119cili\u015bmy w poln\u0105 drog\u0119 w kierunku ogrod\u00f3w dzia\u0142kowych. Stawki jak zawsze malownicze (chocia\u017c szare), ale kaczka ju\u017c powiedzia\u0142a nam dzie\u0144 dobry, co prawda zbytnio si\u0119 nie zbli\u017caj\u0105c. Do turystycznej wiaty by\u0142o ju\u017c niedaleko, wi\u0119c niebawem zap\u0142on\u0119\u0142o ognisko. Kie\u0142baski szybko znalaz\u0142y si\u0119 na kijach i zacz\u0119\u0142y przypieka\u0107 na ogniu. Pi\u0119knie przyrumienione a i przypieczone do koloru sma\u017conego krupnioka niekt\u00f3re, zosta\u0142y poddane degustacji, co oczywi\u015bcie ucieszy\u0142o si\u0119 og\u00f3lnym uznaniem. Zostawiaj\u0105c po sobie porz\u0105dek, zeszli\u015bmy bez przyg\u00f3d z b\u0142otnistej, \u015bliskiej g\u00f3rki (jest por\u0119cz!) i weszli\u015bmy na czarny szlak m\u0142oteczkowy, kt\u00f3rym dotarli\u015bmy do punktu startu. I tu rajd si\u0119 zako\u0144czy\u0142.<\/strong><\/p>\n\n\n\n<p><strong>Jak zwykle zapraszamy na nast\u0119pny ju\u017c w marcu.<\/strong><\/p>\n\n\n\n<p><em>Anna Szczepan<\/em><\/p>\n\n\n\n<p><em>Noworudzki UTW<\/em><\/p>\n\n\n\nngg_shortcode_0_placeholder\n","protected":false},"excerpt":{"rendered":"<p>&nbsp;Sobotnia pogoda (25 lutego) rajdowa nie by\u0142a zupe\u0142nie. Wia\u0142o, posypywa\u0142o mokrym \u015bniegiem i w og\u00f3le zniech\u0119ca\u0142o do wyj\u015bcia z domu. Tymczasem zebra\u0142o si\u0119 dwudziestu o\u015bmiu turyst\u00f3w &#8222;nie do zdarcia&#8221; z\u0142o\u017conych z uniwersyteckich (NUTW) i gwarkowych (PTTK) piechur\u00f3w. Pod przewodnictwem PTG kol. Edka Soi, rze\u015bko wyruszyli spod &#8222;Intermarche&#8221;, by po kilkunastu minutach znale\u017a\u0107 si\u0119 przy zabytkowym [&hellip;]<\/p>\n","protected":false},"author":141,"featured_media":0,"comment_status":"closed","ping_status":"closed","sticky":false,"template":"","format":"standard","meta":{"ngg_post_thumbnail":0,"footnotes":""},"categories":[],"tags":[],"class_list":["post-5532","post","type-post","status-publish","format-standard","hentry"],"_links":{"self":[{"href":"https:\/\/kolo-nowaruda.klodzko.pttk.pl\/index.php\/wp-json\/wp\/v2\/posts\/5532","targetHints":{"allow":["GET"]}}],"collection":[{"href":"https:\/\/kolo-nowaruda.klodzko.pttk.pl\/index.php\/wp-json\/wp\/v2\/posts"}],"about":[{"href":"https:\/\/kolo-nowaruda.klodzko.pttk.pl\/index.php\/wp-json\/wp\/v2\/types\/post"}],"author":[{"embeddable":true,"href":"https:\/\/kolo-nowaruda.klodzko.pttk.pl\/index.php\/wp-json\/wp\/v2\/users\/141"}],"replies":[{"embeddable":true,"href":"https:\/\/kolo-nowaruda.klodzko.pttk.pl\/index.php\/wp-json\/wp\/v2\/comments?post=5532"}],"version-history":[{"count":3,"href":"https:\/\/kolo-nowaruda.klodzko.pttk.pl\/index.php\/wp-json\/wp\/v2\/posts\/5532\/revisions"}],"predecessor-version":[{"id":5592,"href":"https:\/\/kolo-nowaruda.klodzko.pttk.pl\/index.php\/wp-json\/wp\/v2\/posts\/5532\/revisions\/5592"}],"wp:attachment":[{"href":"https:\/\/kolo-nowaruda.klodzko.pttk.pl\/index.php\/wp-json\/wp\/v2\/media?parent=5532"}],"wp:term":[{"taxonomy":"category","embeddable":true,"href":"https:\/\/kolo-nowaruda.klodzko.pttk.pl\/index.php\/wp-json\/wp\/v2\/categories?post=5532"},{"taxonomy":"post_tag","embeddable":true,"href":"https:\/\/kolo-nowaruda.klodzko.pttk.pl\/index.php\/wp-json\/wp\/v2\/tags?post=5532"}],"curies":[{"name":"wp","href":"https:\/\/api.w.org\/{rel}","templated":true}]}}