{"id":5593,"date":"2023-02-11T21:49:56","date_gmt":"2023-02-11T20:49:56","guid":{"rendered":"http:\/\/kolo-nowaruda.klodzko.pttk.pl\/?p=5593"},"modified":"2023-03-14T10:04:13","modified_gmt":"2023-03-14T09:04:13","slug":"zimowe-gwarkowanie-po-raz-piaty","status":"publish","type":"post","link":"https:\/\/kolo-nowaruda.klodzko.pttk.pl\/index.php\/2023\/02\/11\/zimowe-gwarkowanie-po-raz-piaty\/","title":{"rendered":"Zimowe Gwarkowanie po raz pi\u0105ty"},"content":{"rendered":"\n<p><strong>Zimowe gwarkowanie 5 &#8211; jeszcze zimowo i to jak!<\/strong><\/p>\n\n\n\n<p><strong><br><\/strong><strong>Mieszana jak zwykle grupa, tym razem niezbyt liczna (14 os\u00f3b) wystartowa\u0142a spod MOK punktualnie o um\u00f3wionej godzinie. Pogoda nie zapowiada\u0142a si\u0119 rajdowo. Ale co tam! przecie\u017c damy rad\u0119! Przemierzyli\u015bmy Star\u0105 Osad\u0119, pozdrowili\u015bmy kapliczk\u0119 na skrzy\u017cowaniu i niebawem stan\u0119li\u015bmy przy Starej Lipie i zabytkowym krzy\u017cu. Z widokami po drodze by\u0142o n\u0119dznie, bo pada\u0142 \u015bnieg i przy Starej Lipie te\u017c nie by\u0142o inaczej. Po chwili odpoczynku i wsp\u00f3lnym zdj\u0119ciu obrali\u015bmy kierunek na Biegan\u00f3w zielono-bia\u0142ym szlakiem &#8211; z naciskiem na bia\u0142y. \u015anieg nie przestawa\u0142 pada\u0107 ale sz\u0142o si\u0119 dobrze i w dobrych humorach. A potem odbili\u015bmy w prawo, w kierunku wie\u017cy na G. \u015bw. Anny. No i tu dopad\u0142 nas wiatr. \u015aniegiem sypa\u0142o po oczach, a z drogi o ma\u0142o nas nie zwia\u0142o. Ale uda\u0142o nam si\u0119 bez strat i wi\u0119kszych przyg\u00f3d dotrze\u0107 pod wie\u017c\u0119. Tu zap\u0142on\u0119\u0142o ognisko i upiek\u0142y si\u0119 kie\u0142baski. Do tego gor\u0105ca herbata z termos\u00f3w &#8211; nic doda\u0107 nic uj\u0105\u0107. Humory dopisywa\u0142y ca\u0142y czas a i pogaduszek nie brakowa\u0142o. Gwarkowa Zima wa\u015bnie dobiega\u0142a ko\u0144ca, wi\u0119c AniKije podzi\u0119kowa\u0142y PTG kol. Edkowi Soi za zimowe spacery, ogniska i chocia\u017c znane, ale fajne trasy i cierpliwo\u015b\u0107. Albowiem bo:<\/strong><\/p>\n\n\n\n<p><strong>&#8222;Id\u0105 wolno, sapi\u0105 deczko<\/strong><\/p>\n\n\n\n<p><strong>Cho\u0107 pod g\u00f3rk\u0119 niedaleczko.<\/strong><\/p>\n\n\n\n<p><strong>I pytaj\u0105 czy ju\u017c blisko,<\/strong><\/p>\n\n\n\n<p><strong>Bo na dr\u00f3\u017cce troch\u0119 \u015blisko.<\/strong><\/p>\n\n\n\n<p><strong>Ale dzielnie si\u0119 spisuj\u0105, bo to AniKije maszeruj\u0105!&#8221;<\/strong><\/p>\n\n\n\n<p><strong>Mimo takiej nieturystycznej pogody rajd uda\u0142 si\u0119 znakomicie!<\/strong><\/p>\n\n\n\n<p><strong>Na nast\u0119pny zapraszamy ju\u017c na wiosn\u0119 &#8211; przynajmniej kalendarzow\u0105&#8230;<\/strong><\/p>\n\n\n\n<p><em>Anna Szczepan<\/em><\/p>\n\n\n\n<p><em>Noworudzki UTW<\/em><\/p>\n\n\n\nngg_shortcode_0_placeholder\n","protected":false},"excerpt":{"rendered":"<p>Zimowe gwarkowanie 5 &#8211; jeszcze zimowo i to jak! Mieszana jak zwykle grupa, tym razem niezbyt liczna (14 os\u00f3b) wystartowa\u0142a spod MOK punktualnie o um\u00f3wionej godzinie. Pogoda nie zapowiada\u0142a si\u0119 rajdowo. Ale co tam! przecie\u017c damy rad\u0119! Przemierzyli\u015bmy Star\u0105 Osad\u0119, pozdrowili\u015bmy kapliczk\u0119 na skrzy\u017cowaniu i niebawem stan\u0119li\u015bmy przy Starej Lipie i zabytkowym krzy\u017cu. Z widokami [&hellip;]<\/p>\n","protected":false},"author":141,"featured_media":0,"comment_status":"closed","ping_status":"closed","sticky":false,"template":"","format":"standard","meta":{"ngg_post_thumbnail":0,"footnotes":""},"categories":[],"tags":[],"class_list":["post-5593","post","type-post","status-publish","format-standard","hentry"],"_links":{"self":[{"href":"https:\/\/kolo-nowaruda.klodzko.pttk.pl\/index.php\/wp-json\/wp\/v2\/posts\/5593","targetHints":{"allow":["GET"]}}],"collection":[{"href":"https:\/\/kolo-nowaruda.klodzko.pttk.pl\/index.php\/wp-json\/wp\/v2\/posts"}],"about":[{"href":"https:\/\/kolo-nowaruda.klodzko.pttk.pl\/index.php\/wp-json\/wp\/v2\/types\/post"}],"author":[{"embeddable":true,"href":"https:\/\/kolo-nowaruda.klodzko.pttk.pl\/index.php\/wp-json\/wp\/v2\/users\/141"}],"replies":[{"embeddable":true,"href":"https:\/\/kolo-nowaruda.klodzko.pttk.pl\/index.php\/wp-json\/wp\/v2\/comments?post=5593"}],"version-history":[{"count":2,"href":"https:\/\/kolo-nowaruda.klodzko.pttk.pl\/index.php\/wp-json\/wp\/v2\/posts\/5593\/revisions"}],"predecessor-version":[{"id":5633,"href":"https:\/\/kolo-nowaruda.klodzko.pttk.pl\/index.php\/wp-json\/wp\/v2\/posts\/5593\/revisions\/5633"}],"wp:attachment":[{"href":"https:\/\/kolo-nowaruda.klodzko.pttk.pl\/index.php\/wp-json\/wp\/v2\/media?parent=5593"}],"wp:term":[{"taxonomy":"category","embeddable":true,"href":"https:\/\/kolo-nowaruda.klodzko.pttk.pl\/index.php\/wp-json\/wp\/v2\/categories?post=5593"},{"taxonomy":"post_tag","embeddable":true,"href":"https:\/\/kolo-nowaruda.klodzko.pttk.pl\/index.php\/wp-json\/wp\/v2\/tags?post=5593"}],"curies":[{"name":"wp","href":"https:\/\/api.w.org\/{rel}","templated":true}]}}