{"id":5920,"date":"2023-05-27T15:11:45","date_gmt":"2023-05-27T13:11:45","guid":{"rendered":"http:\/\/kolo-nowaruda.klodzko.pttk.pl\/?p=5920"},"modified":"2023-05-28T22:01:02","modified_gmt":"2023-05-28T20:01:02","slug":"5920","status":"publish","type":"post","link":"https:\/\/kolo-nowaruda.klodzko.pttk.pl\/index.php\/2023\/05\/27\/5920\/","title":{"rendered":"Piekielna wycieczka"},"content":{"rendered":"\n<p>&#8222;Piekielna&#8221; wycieczka.<\/p>\n\n\n\n<p>&nbsp;&nbsp;&nbsp;&nbsp;&nbsp;&nbsp;&nbsp;&nbsp;&nbsp;&nbsp;&nbsp; W dniu 27-05-2023 r. pi\u0119tnastoosobowa grupa Gwark\u00f3w Noworudzkich i sympatyk\u00f3w Ko\u0142a spotka\u0142a si\u0119 na noworudzkim dworcu PKP, aby wsp\u00f3lnie wybra\u0107 si\u0119 na wycieczk\u0119 w urokliwy po\u0142udniowo-wschodni skraj G\u00f3r Sto\u0142owych pomi\u0119dzy miejscowo\u015bciami Szczytna a Polanica Zdr\u00f3j.<\/p>\n\n\n\n<p>&nbsp;&nbsp;&nbsp;&nbsp;&nbsp;&nbsp;&nbsp;&nbsp;&nbsp;&nbsp;&nbsp; Do Szczytnej dotarli\u015bmy KD o godzinie 8:15 i po pami\u0105tkowym zdjeciu udali\u015bmy sie w kierunku pierwszego celu naszej wycieczki &#8222;Zamku Le\u015bna Ska\u0142a&#8221;.<\/p>\n\n\n\n<p>&nbsp;&nbsp;&nbsp;&nbsp;&nbsp;&nbsp;&nbsp;&nbsp;&nbsp;&nbsp;&nbsp; Szczytna &#8211; pierwsze wzmianki o miejscowo\u015bci pochodz\u0105 z XIV wieku, kiedy to osada nale\u017ca\u0142a do pa\u0144stewka homolskiego. W XVI wieku wraz z okolicznymi w\u0142o\u015bciami zakupi\u0142 j\u0105 znany w Europie lekarz i reformator religijny Jan Crato von Kraffstein i j\u0105 rozbudowa\u0142. Obok folwarku powsta\u0142 tartak, m\u0142yn, browar i wiele zak\u0142ad\u00f3w rzemie\u015blniczych. W XVII wieku wybudowano pierwsz\u0105 hut\u0119 szk\u0142a, m\u0142yn i kilka warsztat\u00f3w tkackich. W XIX wieku huta szk\u0142a zosta\u0142a rozbudowana uruchomiono szlifierni\u0119 kryszta\u0142\u00f3w.<\/p>\n\n\n\n<p>&nbsp;&nbsp;&nbsp;&nbsp;&nbsp;&nbsp;&nbsp;&nbsp;&nbsp;&nbsp;&nbsp; Szlakiem czarnym, a nastepnie \u017c\u00f3\u0142tym i le\u015bn\u0105 \u015bcie\u017ck\u0105, dotarli\u015bmy do Zamku.<\/p>\n\n\n\n<p>&nbsp;&nbsp;&nbsp;&nbsp;&nbsp;&nbsp;&nbsp;&nbsp;&nbsp;&nbsp;&nbsp; &#8222;Zamek&#8221; Le\u015bna Ska\u0142a &#8211; g\u00f3ruj\u0105cy nad miastem neogotycki pa\u0142ac powsta\u0142 w latach 1831\u20131837, jako rezydencja w\u0142a\u015bciciela Szczytnej, hrabiego majora Leopolda von Hochberga. Pa\u0142ac wybudowany zosta\u0142 niedaleko miejsca, w kt\u00f3rym pod koniec XVIII w. Prusacy wybudowali Fort na Szczytniku wchodz\u0105cego w sk\u0142ad systemu obronnego powi\u0105zanego z twierdz\u0105 w Srebrnej G\u00f3rze i twierdz\u0105 w K\u0142odzku.<\/p>\n\n\n\n<p>&nbsp;&nbsp;&nbsp;&nbsp;&nbsp;&nbsp;&nbsp;&nbsp;&nbsp;&nbsp;&nbsp; Po pami\u0105tkowym zdjeciu na tle Zamku i kr\u00f3tkiej przerwie na posi\u0142ek skierowali\u015bmy si\u0119 na punkt widokowy na Orlich Ska\u0142ach.<\/p>\n\n\n\n<p>&nbsp;&nbsp;&nbsp;&nbsp;&nbsp;&nbsp;&nbsp;&nbsp;&nbsp;&nbsp;&nbsp; Orle Ska\u0142y &#8211; okaza\u0142e ska\u0142y piaskowcowe kilkudziesi\u0119ciometrowej wysoko\u015bci, tworz\u0105ce urwisko po\u0142o\u017cone na zachodnim stoku Szczytnika. Na szczycie punkt widokowy na Szczytn\u0105, G\u00f3ry Bystrzyckie i Sto\u0142owe. Kruk to imponuj\u0105cy piaskowcowy mur o wysoko\u015bci 25 metr\u00f3w na po\u0142udniowej stronie masywu Szczytnika z naturalnym punktem widokowym na G\u00f3ry Bystrzyckie.<\/p>\n\n\n\n<p>&nbsp;&nbsp;&nbsp;&nbsp;&nbsp;&nbsp;&nbsp;&nbsp;&nbsp;&nbsp;&nbsp; Na Orlich Ska\u0142ach podziwiali\u015bmy piekn\u0105 panoram\u0119 Szczytnej, Grodczyn i Orlic\u0119.<\/p>\n\n\n\n<p>&nbsp;&nbsp;&nbsp;&nbsp;&nbsp;&nbsp;&nbsp;&nbsp;&nbsp;&nbsp;&nbsp; Piekielna Prze\u0142\u0119cz 505 m n.p.m.\u2013 prze\u0142\u0119cz na kraw\u0119dzi dolnego pi\u0119tra G\u00f3r Sto\u0142owych, nad Polanic\u0105-Zdrojem, pomi\u0119dzy Szczytnikiem a Piekieln\u0105 G\u00f3r\u0105.<\/p>\n\n\n\n<p>&nbsp;&nbsp;&nbsp;&nbsp;&nbsp;&nbsp;&nbsp;&nbsp;&nbsp;&nbsp;&nbsp; Po dotarciu do Piekielnej Prze\u0142\u0119czy rozpalili\u015bmy ognisko i tradycyjnie piekli\u015bmy kie\u0142baski w miejscu odpoczynkowym wykonanym dla turyst\u00f3w przez Nadle\u015bnictwo Zdroje.<\/p>\n\n\n\n<p>&nbsp;&nbsp;&nbsp;&nbsp;&nbsp;&nbsp;&nbsp;&nbsp;&nbsp;&nbsp;&nbsp; Polanica Zdr\u00f3j &#8211; najstarsza wzmianka dotycz\u0105ca Polanicy zosta\u0142a wpisana pod dat\u0105 1 lutego 1347 do najstarszej k\u0142odzkiej ksi\u0119gi s\u0105du stanowego dla szlachty z lat 1346\u20131390. Dotyczy\u0142a osady otoczonej g\u0119stymi lasami zwanej Heyde. Osada ta by\u0142a w\u0142asno\u015bci\u0105 znanego \u015bl\u0105skiego rodu rycerskiego von Glaubitz rezyduj\u0105cych na zamku Szczerba. &nbsp;&nbsp;<\/p>\n\n\n\n<p>&nbsp;&nbsp;&nbsp;&nbsp;&nbsp;&nbsp;&nbsp;&nbsp;&nbsp;&nbsp;&nbsp; Wycieczk\u0119 zako\u0144czyli\u015bmy na stacji PKP w Polanicy Zdroju sk\u0105d poci\u0105giem KD, a z K\u0142odzka autobusem KD-A wr\u00f3cili\u015bmy do Nowej Rudy .<\/p>\n\n\n\n<p>Zdj\u0119cia: Jerzy Garus, Wac\u0142aw Koch, Jaros\u0142aw Zychowicz, Halina Zychowicz<\/p>\n\n\n\n<p>Jaros\u0142aw Zychowicz PTG<\/p>\n\n\n\n<p>Ko\u0142o PTTK im. Gwark\u00f3w Noworudzkich\u00a0\u00a0\u00a0\u00a0\u00a0\u00a0<\/p>\n\n\n\nngg_shortcode_0_placeholder\n","protected":false},"excerpt":{"rendered":"<p>&#8222;Piekielna&#8221; wycieczka. &nbsp;&nbsp;&nbsp;&nbsp;&nbsp;&nbsp;&nbsp;&nbsp;&nbsp;&nbsp;&nbsp; W dniu 27-05-2023 r. pi\u0119tnastoosobowa grupa Gwark\u00f3w Noworudzkich i sympatyk\u00f3w Ko\u0142a spotka\u0142a si\u0119 na noworudzkim dworcu PKP, aby wsp\u00f3lnie wybra\u0107 si\u0119 na wycieczk\u0119 w urokliwy po\u0142udniowo-wschodni skraj G\u00f3r Sto\u0142owych pomi\u0119dzy miejscowo\u015bciami Szczytna a Polanica Zdr\u00f3j. &nbsp;&nbsp;&nbsp;&nbsp;&nbsp;&nbsp;&nbsp;&nbsp;&nbsp;&nbsp;&nbsp; Do Szczytnej dotarli\u015bmy KD o godzinie 8:15 i po pami\u0105tkowym zdjeciu udali\u015bmy sie w kierunku pierwszego [&hellip;]<\/p>\n","protected":false},"author":141,"featured_media":0,"comment_status":"closed","ping_status":"closed","sticky":false,"template":"","format":"standard","meta":{"ngg_post_thumbnail":0,"footnotes":""},"categories":[],"tags":[],"class_list":["post-5920","post","type-post","status-publish","format-standard","hentry"],"_links":{"self":[{"href":"https:\/\/kolo-nowaruda.klodzko.pttk.pl\/index.php\/wp-json\/wp\/v2\/posts\/5920","targetHints":{"allow":["GET"]}}],"collection":[{"href":"https:\/\/kolo-nowaruda.klodzko.pttk.pl\/index.php\/wp-json\/wp\/v2\/posts"}],"about":[{"href":"https:\/\/kolo-nowaruda.klodzko.pttk.pl\/index.php\/wp-json\/wp\/v2\/types\/post"}],"author":[{"embeddable":true,"href":"https:\/\/kolo-nowaruda.klodzko.pttk.pl\/index.php\/wp-json\/wp\/v2\/users\/141"}],"replies":[{"embeddable":true,"href":"https:\/\/kolo-nowaruda.klodzko.pttk.pl\/index.php\/wp-json\/wp\/v2\/comments?post=5920"}],"version-history":[{"count":2,"href":"https:\/\/kolo-nowaruda.klodzko.pttk.pl\/index.php\/wp-json\/wp\/v2\/posts\/5920\/revisions"}],"predecessor-version":[{"id":5958,"href":"https:\/\/kolo-nowaruda.klodzko.pttk.pl\/index.php\/wp-json\/wp\/v2\/posts\/5920\/revisions\/5958"}],"wp:attachment":[{"href":"https:\/\/kolo-nowaruda.klodzko.pttk.pl\/index.php\/wp-json\/wp\/v2\/media?parent=5920"}],"wp:term":[{"taxonomy":"category","embeddable":true,"href":"https:\/\/kolo-nowaruda.klodzko.pttk.pl\/index.php\/wp-json\/wp\/v2\/categories?post=5920"},{"taxonomy":"post_tag","embeddable":true,"href":"https:\/\/kolo-nowaruda.klodzko.pttk.pl\/index.php\/wp-json\/wp\/v2\/tags?post=5920"}],"curies":[{"name":"wp","href":"https:\/\/api.w.org\/{rel}","templated":true}]}}