{"id":620,"date":"2021-05-29T00:05:00","date_gmt":"2021-05-28T22:05:00","guid":{"rendered":"http:\/\/kolo-nowaruda.klodzko.n.pttk.pl\/?p=620"},"modified":"2021-11-13T00:07:42","modified_gmt":"2021-11-12T23:07:42","slug":"iii-rajd-porozumienia","status":"publish","type":"post","link":"https:\/\/kolo-nowaruda.klodzko.pttk.pl\/index.php\/2021\/05\/29\/iii-rajd-porozumienia\/","title":{"rendered":"III Rajd Porozumienia"},"content":{"rendered":"\n<p>Ko\u0144c\u00f3wka maja 2021 roku to tradycyjny Rajd Porozumienia &#8211; po\u0142\u0105czone si\u0142y turystyczne oddzia\u0142\u00f3w K\u0142odzko i Nysa. Tym razem spotkanie wypad\u0142o na szczycie Wielkiej Sowy. Tras by\u0142o wiele, ale nasza wiod\u0142a z Prze\u0142\u0119czy Sokolej. Na szczycie ognisko, konkursy, wr\u0119czanie wyr\u00f3\u017cnie\u0144.<\/p>\n\n\n\nngg_shortcode_0_placeholder\n","protected":false},"excerpt":{"rendered":"<p>Ko\u0144c\u00f3wka maja 2021 roku to tradycyjny Rajd Porozumienia &#8211; po\u0142\u0105czone si\u0142y turystyczne oddzia\u0142\u00f3w K\u0142odzko i Nysa. Tym razem spotkanie wypad\u0142o na szczycie Wielkiej Sowy. Tras by\u0142o wiele, ale nasza wiod\u0142a z Prze\u0142\u0119czy Sokolej. Na szczycie ognisko, konkursy, wr\u0119czanie wyr\u00f3\u017cnie\u0144.<\/p>\n","protected":false},"author":141,"featured_media":0,"comment_status":"closed","ping_status":"closed","sticky":false,"template":"","format":"standard","meta":{"ngg_post_thumbnail":0,"footnotes":""},"categories":[],"tags":[],"class_list":["post-620","post","type-post","status-publish","format-standard","hentry"],"_links":{"self":[{"href":"https:\/\/kolo-nowaruda.klodzko.pttk.pl\/index.php\/wp-json\/wp\/v2\/posts\/620","targetHints":{"allow":["GET"]}}],"collection":[{"href":"https:\/\/kolo-nowaruda.klodzko.pttk.pl\/index.php\/wp-json\/wp\/v2\/posts"}],"about":[{"href":"https:\/\/kolo-nowaruda.klodzko.pttk.pl\/index.php\/wp-json\/wp\/v2\/types\/post"}],"author":[{"embeddable":true,"href":"https:\/\/kolo-nowaruda.klodzko.pttk.pl\/index.php\/wp-json\/wp\/v2\/users\/141"}],"replies":[{"embeddable":true,"href":"https:\/\/kolo-nowaruda.klodzko.pttk.pl\/index.php\/wp-json\/wp\/v2\/comments?post=620"}],"version-history":[{"count":1,"href":"https:\/\/kolo-nowaruda.klodzko.pttk.pl\/index.php\/wp-json\/wp\/v2\/posts\/620\/revisions"}],"predecessor-version":[{"id":621,"href":"https:\/\/kolo-nowaruda.klodzko.pttk.pl\/index.php\/wp-json\/wp\/v2\/posts\/620\/revisions\/621"}],"wp:attachment":[{"href":"https:\/\/kolo-nowaruda.klodzko.pttk.pl\/index.php\/wp-json\/wp\/v2\/media?parent=620"}],"wp:term":[{"taxonomy":"category","embeddable":true,"href":"https:\/\/kolo-nowaruda.klodzko.pttk.pl\/index.php\/wp-json\/wp\/v2\/categories?post=620"},{"taxonomy":"post_tag","embeddable":true,"href":"https:\/\/kolo-nowaruda.klodzko.pttk.pl\/index.php\/wp-json\/wp\/v2\/tags?post=620"}],"curies":[{"name":"wp","href":"https:\/\/api.w.org\/{rel}","templated":true}]}}