{"id":6721,"date":"2023-11-11T19:58:35","date_gmt":"2023-11-11T18:58:35","guid":{"rendered":"http:\/\/kolo-nowaruda.klodzko.pttk.pl\/?p=6721"},"modified":"2023-11-21T22:25:24","modified_gmt":"2023-11-21T21:25:24","slug":"ix-rajd-niepodleglosci","status":"publish","type":"post","link":"https:\/\/kolo-nowaruda.klodzko.pttk.pl\/index.php\/2023\/11\/11\/ix-rajd-niepodleglosci\/","title":{"rendered":"IX Rajd Niepodleg\u0142o\u015bci"},"content":{"rendered":"\n<p>11 listopada 2023 roku &#8211; zgodnie z &#8222;gwarkow\u0105&#8221; tradycj\u0105 &#8211; wyruszyli\u015bmy na szlak Rajdu Niepodleg\u0142o\u015bci uczci\u0107 narodowe \u015bwi\u0119to i do\u0142\u0105czy\u0107 do grona kibic\u00f3w w Biegu Niepodleg\u0142o\u015bci, w kt\u00f3rym r\u00f3wnie\u017c startuj\u0105 nasi &#8222;k\u00f3\u0142kowicze&#8221;.<\/p>\n\n\n\n<p>Rano wyjazd poci\u0105giem do Bartnicy, sk\u0105d &#8222;Barciowym Szlakiem&#8221; w\u0119drujemy po\u015br\u00f3d malowniczych zabudowa\u0144 wsi Bartnica. Wygodna droga prowadzi w g\u00f3r\u0119 miejscowo\u015bci, przecina DW 381 i nieopodal dawnej stra\u017cnicy WOP (pyszne jab\u0142ka!) dochodzimy do kolonii Wrze\u015bnik. Tu zej\u015bcie na drog\u0119 le\u015bno-poln\u0105, kt\u00f3r\u0105 (w asy\u015bcie coraz \u0142adniejszych panoram) docieramy na grzbiet pod Cerven\u0105 Hor\u0105. Stamt\u0105d, prowadzeni stylowym drewnianym drogowskazem, w\u0119drujemy do ruin Kaplicy pw. \u015bw. Anny w przysi\u00f3\u0142ku Granicznik nad \u015awierkami. Milcz\u0105cy \u015bwiadek potyczek prusko-bawarskich z XIX wieku budzi nostalgi\u0119 jesienn\u0105.<\/p>\n\n\n\n<p>O godzinie 11:11 nieopodal Granicznika obowi\u0105zkowo &#8211; hymn pa\u0144stwowy. I to wszystkie zwrotki! Za\u0142opota\u0142a narodowa flaga i b\u0142ysn\u0119\u0142y patriotyczne ozdoby.<\/p>\n\n\n\n<p>Z Granicznika w\u0119drujemy u st\u00f3p nieczynnego wyrobiska kamienio\u0142om\u00f3w melafiru i trafiamy na start &#8222;Biegu Niepodleg\u0142o\u015bci&#8221;. Serdecznie dzi\u0119kujemy za go\u015bcin\u0119, kawa\u0142ek ciasta i gulasz oraz kubek superdobrej herbaty owocowo-zio\u0142owej!<\/p>\n\n\n\n<p>Po poznaniu zwyci\u0119zc\u00f3w biegu idziemy szlakiem \u017c\u00f3\u0142tym na stacj\u0119 kolejow\u0105 \u015awierki Dolne i c\u00f3\u017c&#8230; pora wraca\u0107 do domu&#8230;<\/p>\n\n\n\nngg_shortcode_0_placeholder\n","protected":false},"excerpt":{"rendered":"<p>11 listopada 2023 roku &#8211; zgodnie z &#8222;gwarkow\u0105&#8221; tradycj\u0105 &#8211; wyruszyli\u015bmy na szlak Rajdu Niepodleg\u0142o\u015bci uczci\u0107 narodowe \u015bwi\u0119to i do\u0142\u0105czy\u0107 do grona kibic\u00f3w w Biegu Niepodleg\u0142o\u015bci, w kt\u00f3rym r\u00f3wnie\u017c startuj\u0105 nasi &#8222;k\u00f3\u0142kowicze&#8221;. Rano wyjazd poci\u0105giem do Bartnicy, sk\u0105d &#8222;Barciowym Szlakiem&#8221; w\u0119drujemy po\u015br\u00f3d malowniczych zabudowa\u0144 wsi Bartnica. Wygodna droga prowadzi w g\u00f3r\u0119 miejscowo\u015bci, przecina DW 381 [&hellip;]<\/p>\n","protected":false},"author":141,"featured_media":0,"comment_status":"closed","ping_status":"closed","sticky":false,"template":"","format":"standard","meta":{"ngg_post_thumbnail":0,"footnotes":""},"categories":[],"tags":[],"class_list":["post-6721","post","type-post","status-publish","format-standard","hentry"],"_links":{"self":[{"href":"https:\/\/kolo-nowaruda.klodzko.pttk.pl\/index.php\/wp-json\/wp\/v2\/posts\/6721","targetHints":{"allow":["GET"]}}],"collection":[{"href":"https:\/\/kolo-nowaruda.klodzko.pttk.pl\/index.php\/wp-json\/wp\/v2\/posts"}],"about":[{"href":"https:\/\/kolo-nowaruda.klodzko.pttk.pl\/index.php\/wp-json\/wp\/v2\/types\/post"}],"author":[{"embeddable":true,"href":"https:\/\/kolo-nowaruda.klodzko.pttk.pl\/index.php\/wp-json\/wp\/v2\/users\/141"}],"replies":[{"embeddable":true,"href":"https:\/\/kolo-nowaruda.klodzko.pttk.pl\/index.php\/wp-json\/wp\/v2\/comments?post=6721"}],"version-history":[{"count":3,"href":"https:\/\/kolo-nowaruda.klodzko.pttk.pl\/index.php\/wp-json\/wp\/v2\/posts\/6721\/revisions"}],"predecessor-version":[{"id":6751,"href":"https:\/\/kolo-nowaruda.klodzko.pttk.pl\/index.php\/wp-json\/wp\/v2\/posts\/6721\/revisions\/6751"}],"wp:attachment":[{"href":"https:\/\/kolo-nowaruda.klodzko.pttk.pl\/index.php\/wp-json\/wp\/v2\/media?parent=6721"}],"wp:term":[{"taxonomy":"category","embeddable":true,"href":"https:\/\/kolo-nowaruda.klodzko.pttk.pl\/index.php\/wp-json\/wp\/v2\/categories?post=6721"},{"taxonomy":"post_tag","embeddable":true,"href":"https:\/\/kolo-nowaruda.klodzko.pttk.pl\/index.php\/wp-json\/wp\/v2\/tags?post=6721"}],"curies":[{"name":"wp","href":"https:\/\/api.w.org\/{rel}","templated":true}]}}