{"id":8495,"date":"2024-07-13T09:43:17","date_gmt":"2024-07-13T07:43:17","guid":{"rendered":"http:\/\/kolo-nowaruda.klodzko.pttk.pl\/?p=8495"},"modified":"2024-07-15T17:04:23","modified_gmt":"2024-07-15T15:04:23","slug":"kocie-gory-gdzie-to-jest","status":"publish","type":"post","link":"https:\/\/kolo-nowaruda.klodzko.pttk.pl\/index.php\/2024\/07\/13\/kocie-gory-gdzie-to-jest\/","title":{"rendered":"Troch\u0119 w b\u0142ocie w G\u00f3ry Kocie"},"content":{"rendered":"\n<p>13 lipca 2024r. 11-osobowa grupa Gwark\u00f3w wybra\u0142a si\u0119 w (niezbyt) odleg\u0142e Kocie G\u00f3ry. Jest to \u201emarketingowa\u201d nazwa obszaru Wzg\u00f3rz Trzebnickich, kt\u00f3rych najwy\u017csze pasmo \u2013 Pasmo Ciemnej G\u00f3ry \u2013 znajduje si\u0119 na p\u00f3\u0142noc od Wroc\u0142awia, pomi\u0119dzy Obornikami \u015al\u0105skimi a Trzebnic\u0105.<\/p>\n\n\n\n<p>Do Obornik \u015al\u0105skich przyjechali\u015bmy porannym poci\u0105giem KD z K\u0142odzka i \u2013 po kawie w \u201e\u017babce\u201d ruszyli\u015bmy szlakiem niebieskim przez miasteczko uzdrowiskowe.<\/p>\n\n\n\n<p>Pierwszy punkt to G\u00f3ra Holtei\u2019a (245 m. n.p.m.) z punktem widokowym na Nizin\u0119 \u015al\u0105sk\u0105 (\u201eBelweder\u201d). Nawet jaka\u015b piecz\u0105tka by\u0142a do przybicia.<\/p>\n\n\n\n<p>Dalej przez kompleks le\u015bny otaczaj\u0105cy Oborniki \u015al\u0105skie, zboczami \u017bniwnej Kopy (240 m. n.p.m.) do Kuraszkowa \u2013 wsi s\u0142yn\u0105cej z \u201eAkademii Rycerskiej\u201d i \u201ePapugarni\u201d. Dzia\u0142a to Schronisko PTSM \u201eDworek\u201d. Tu niestety pogoda troch\u0119 si\u0119 popsu\u0142a i pojawi\u0142a si\u0119 m\u017cawka. Niezbyt dotkliwa, ale okoliczne trawy zrobi\u0142y si\u0119 bardzo mokre, co troch\u0119 utrudni\u0142o w\u0119dr\u00f3wk\u0119.<\/p>\n\n\n\n<p>Szlak niebieski zaprowadzi\u0142 nas do podn\u00f3\u017cna G\u00f3ry Gnie\u017adziec (227 m. n.p.m) i na Prze\u0142\u0119cz Piekarsk\u0105 (220 m. n.p.m.). Niestety oznaczony na mapie punkt odpoczynkowy okaza\u0142 si\u0119 mocno zdewastowan\u0105 \u0142awk\u0105 z po\u0142amanym stolikiem, wi\u0119c raczej nie skorzystali\u015bmy.<\/p>\n\n\n\n<p>Dalej lasem, pomi\u0119dzy Kuraszowsk\u0105 G\u00f3r\u0105 (226 m. n.p.m.) a Piekarsk\u0105 G\u00f3r\u0105 (237 m. n.p.m.) dotarli\u015bmy do Prze\u0142\u0119czy Kowalskiej (225 m. n.p.m.), gdzie przy szosie \u0142\u0105cz\u0105cej Kowale i Przec\u0142awice rozpocz\u0119li\u015bmy zdobywanie Bukowej G\u00f3ry (239 m. n.p.m.) &#8211; bardzo dobrze wyeksponowanego wzniesienia Kocich G\u00f3r. Na szczycie nawet okazyjna tablica i \u2013 niestety skradziona piecz\u0105tka.<\/p>\n\n\n\n<p>Po zej\u015bciu z Bukowej G\u00f3ry szlak okaza\u0142 si\u0119 troch\u0119 niedost\u0119pny (w\u0142a\u015bciwie to tak nieoczekiwanie si\u0119 sko\u0144czy\u0142), wi\u0119c zeszli\u015bmy do Przec\u0142awic i dalej poszli\u015bmy szlakiem czerwonym i niebieskim. Tu\u017c na samym pocz\u0105tku wsi Rzepotowice skr\u0119cili\u015bmy w szlak rowerowy do Malczowa, wsi u podn\u00f3\u017ca Ciemnej G\u00f3ry. Z Malczowa \u2013 nowo wybudowan\u0105 drog\u0105 przez jakie\u015b powstaj\u0105ce dopiero osiedle \u2013 dotarli\u015bmy niemal do samego szczytu Ciemnej G\u00f3ry (258,3 m. n.p.m.) &#8211; najwy\u017cszego pasma G\u00f3r Kocich. Trzeba przyzna\u0107, \u017ce sam szczyt nie\u0142atwo odnale\u017a\u0107, bo broni\u0105 go pot\u0119\u017cne si\u0142y natury w postaci zaro\u015bli. W zwi\u0105zku z powy\u017cszym punkt szczytowy oznaczono w \u0142atwiej dost\u0119pnej le\u015bnej polanie pod szczytem, ale niestety kto\u015b ukrad\u0142 tablic\u0119 szczytow\u0105, wi\u0119c po wykonaniu zdj\u0119cia tablic\u0119 trzeba by\u0142o \u201edomontowa\u0107\u201d komputerowo z wykorzystaniem zdj\u0119\u0107 z maja 2023 roku.<\/p>\n\n\n\n<p>Z Ciemnej G\u00f3ry kiedy\u015b prowadzi\u0142 szlak niebieski do Trzebnicy, ale z uwagi na zamkni\u0119cie Sad\u00f3w Trzebnickich trasa zosta\u0142a skasowana i tylko niewyra\u017ane \u015blady dawnego szlaku poprowadzi\u0142y nas przez niemi\u0142osierne chaszcze skrajem Sad\u00f3w. Dopiero bli\u017cej Sadowego Wzg\u00f3rza (256 m. n.p.m.) trafili\u015bmy na jak\u0105\u015b lepsz\u0105 \u015bcie\u017ck\u0119, kt\u00f3ra ostatecznie do\u015b\u0107 wygodnie wyprowadzi\u0142a nas na szos\u0119 \u0142\u0105cz\u0105c\u0105 Malcz\u00f3w i Trzebnic\u0119.<\/p>\n\n\n\n<p>Mijaj\u0105c Farn\u0105 G\u00f3r\u0119 (258 m. n.p.m.) &#8211; drugie co do wysoko\u015bci wzniesienie Kocich G\u00f3r \u2013 dotarli\u015bmy wreszcie do Trzebnicy. Po posi\u0142ku w kurczakowej restauracji poszli\u015bmy zwiedza\u0107 Sanktuarium \u015bw. Jadwigi \u015al\u0105skiej w Trzebnicy, a potem ju\u017c na poci\u0105g (albo KKZ) do Wroc\u0142awia, sk\u0105d dalej poci\u0105giem \u2013 do K\u0142odzka.<\/p>\n\n\n\n<p>Dzi\u0119kuj\u0119 wszystkim za wtrwa\u0142o\u015b\u0107!<\/p>\n\n\n\n<p>Przewodnik Sudecki, Witold Telus.<\/p>\n\n\n\n<p>Zdj\u0119cia: Monika Telus, Wac\u0142aw Koch.<\/p>\n\n\n\n<p>Wz\u00f3r wype\u0142nienia Ksi\u0105\u017ceczki Odznaki Turystyki Pieszej (OTP):<\/p>\n\n\n\n<figure class=\"wp-block-table is-style-stripes\"><table><tbody><tr><td>LP<\/td><td>Data wycieczki<\/td><td>Trasa wycieczki<\/td><td>Nazwa i adres organizatora<\/td><\/tr><tr><td>1<\/td><td>13.07.2024<\/td><td><u>Oborniki \u015al\u0105skie<\/u> \u2013 Kuraszk\u00f3w \u2013 Kocie G\u00f3ry \u2013 Przec\u0142awice &#8211; Rzepotowice \u2013 Malcz\u00f3w \u2013 Ciemna G\u00f3ra \u2013 Farny Up\u0142az &#8211; <u>Trzebnica<\/u><\/td><td>PTTK, Ko\u0142o Terenowe im. \u201eGwark\u00f3w Noworudzkich\u201d w Nowej Rudzie<\/td><\/tr><tr><td>2<\/td><td>13.07.2024<\/td><td>Zwiedzanie Trzebnicy:<br>&#8211; Rynek<br>&#8211; Sanktuarium \u015bw. Jadwigi \u015al\u0105skiej<\/td><td><br><\/td><\/tr><\/tbody><\/table><\/figure>\n\n\n\n<figure class=\"wp-block-table is-style-stripes\"><table><tbody><tr><td>Liczba km<\/td><td>Liczba pkt. Za miasta<\/td><td>Podpis przodownika, potwierdzenie na trasie<\/td><td>Zaliczone punkty<\/td><\/tr><tr><td>18<\/td><td><br><\/td><td><br><\/td><td><br><\/td><\/tr><tr><td><br><\/td><td>10<\/td><td><br><\/td><td><br><\/td><\/tr><\/tbody><\/table><\/figure>\n\n\n\nngg_shortcode_0_placeholder\n","protected":false},"excerpt":{"rendered":"<p>13 lipca 2024r. 11-osobowa grupa Gwark\u00f3w wybra\u0142a si\u0119 w (niezbyt) odleg\u0142e Kocie G\u00f3ry. Jest to \u201emarketingowa\u201d nazwa obszaru Wzg\u00f3rz Trzebnickich, kt\u00f3rych najwy\u017csze pasmo \u2013 Pasmo Ciemnej G\u00f3ry \u2013 znajduje si\u0119 na p\u00f3\u0142noc od Wroc\u0142awia, pomi\u0119dzy Obornikami \u015al\u0105skimi a Trzebnic\u0105. Do Obornik \u015al\u0105skich przyjechali\u015bmy porannym poci\u0105giem KD z K\u0142odzka i \u2013 po kawie w \u201e\u017babce\u201d ruszyli\u015bmy [&hellip;]<\/p>\n","protected":false},"author":141,"featured_media":0,"comment_status":"closed","ping_status":"closed","sticky":false,"template":"","format":"standard","meta":{"ngg_post_thumbnail":0,"footnotes":""},"categories":[],"tags":[],"class_list":["post-8495","post","type-post","status-publish","format-standard","hentry"],"_links":{"self":[{"href":"https:\/\/kolo-nowaruda.klodzko.pttk.pl\/index.php\/wp-json\/wp\/v2\/posts\/8495","targetHints":{"allow":["GET"]}}],"collection":[{"href":"https:\/\/kolo-nowaruda.klodzko.pttk.pl\/index.php\/wp-json\/wp\/v2\/posts"}],"about":[{"href":"https:\/\/kolo-nowaruda.klodzko.pttk.pl\/index.php\/wp-json\/wp\/v2\/types\/post"}],"author":[{"embeddable":true,"href":"https:\/\/kolo-nowaruda.klodzko.pttk.pl\/index.php\/wp-json\/wp\/v2\/users\/141"}],"replies":[{"embeddable":true,"href":"https:\/\/kolo-nowaruda.klodzko.pttk.pl\/index.php\/wp-json\/wp\/v2\/comments?post=8495"}],"version-history":[{"count":5,"href":"https:\/\/kolo-nowaruda.klodzko.pttk.pl\/index.php\/wp-json\/wp\/v2\/posts\/8495\/revisions"}],"predecessor-version":[{"id":8709,"href":"https:\/\/kolo-nowaruda.klodzko.pttk.pl\/index.php\/wp-json\/wp\/v2\/posts\/8495\/revisions\/8709"}],"wp:attachment":[{"href":"https:\/\/kolo-nowaruda.klodzko.pttk.pl\/index.php\/wp-json\/wp\/v2\/media?parent=8495"}],"wp:term":[{"taxonomy":"category","embeddable":true,"href":"https:\/\/kolo-nowaruda.klodzko.pttk.pl\/index.php\/wp-json\/wp\/v2\/categories?post=8495"},{"taxonomy":"post_tag","embeddable":true,"href":"https:\/\/kolo-nowaruda.klodzko.pttk.pl\/index.php\/wp-json\/wp\/v2\/tags?post=8495"}],"curies":[{"name":"wp","href":"https:\/\/api.w.org\/{rel}","templated":true}]}}