{"id":8677,"date":"2024-06-29T12:50:27","date_gmt":"2024-06-29T10:50:27","guid":{"rendered":"http:\/\/kolo-nowaruda.klodzko.pttk.pl\/?p=8677"},"modified":"2024-07-01T12:52:29","modified_gmt":"2024-07-01T10:52:29","slug":"na-dachu-ziemi-klodzkiej","status":"publish","type":"post","link":"https:\/\/kolo-nowaruda.klodzko.pttk.pl\/index.php\/2024\/06\/29\/na-dachu-ziemi-klodzkiej\/","title":{"rendered":"Na dachu Ziemi K\u0142odzkiej"},"content":{"rendered":"\n<p>W dniu 29-06-2024 r. Gwarkowie Noworudzcy i ich przyjaciele wybrali si\u0119 samochodami na wycieczk\u0119 w masyw \u015anie\u017cnika. Pojazdy zaparkowali\u015bmy przy szlaku niebieskim przy Le\u015bnicz\u00f3wce Kamienica. Wsp\u00f3lna fotka przy kopii obrazu Matki Bo\u017cej Pi\u0119knej Mi\u0142o\u015bci przywiezionej z Bieszczad i wyruszyli\u015bmy mozolnie pod g\u00f3r\u0119 na zdobycie wie\u017cy na \u015anie\u017cniku. Pierwszy odpoczynek przy wiacie przy Rozdro\u017cu pod Por\u0119bkiem ( I \u015bniadanie smakowa\u0142o ). Od tego miejsca ostro pod g\u00f3r\u0119 a\u017c do rozdro\u017ca na Strom\u0105 a potem \u0142agodnie do Schroniska PTTK na \u015anie\u017cniku \u2013 odpoczynek na posi\u0142ek, uzupe\u0142nienie p\u0142yn\u00f3w, piecz\u0105tek w Schronisku. Po odpoczynku wyruszyli\u015bmy pod g\u00f3r\u0119 do wie\u017cy na \u015anie\u017cniku i szczytu &#8211; celu wyprawy . Oczywi\u015bcie obowi\u0105zkowe wyj\u015bcie na wie\u017c\u0119 , pami\u0105tkowe zdj\u0119cia, odpoczynek i powr\u00f3cili\u015bmy bezpiecznie t\u0105 sam\u0105 tras\u0105 do miejsca rozpocz\u0119cia wycieczki.<\/p>\n\n\n\n<p>Dzi\u0119kuj\u0119 wszystkim uczestnikom wycieczki.<\/p>\n\n\n\n<p>Wycieczk\u0119 prowadzili: PTG Andrzej Wi\u015bniewski i PTG Edward Soja &#8211; dokumentacja fotograficzna E. Soja kol. Wacek Koch.<\/p>\n\n\n\n<figure class=\"wp-block-table is-style-stripes\"><table class=\"has-fixed-layout\"><tbody><tr><td>Data wycieczki<\/td><td>trasa<\/td><td>Punktacja GOT<\/td><td>Czy przodownik by\u0142 obecny<\/td><\/tr><tr><td>29.06.2024 r.<\/td><td>Le\u015bnicz\u00f3wka Kamienica \u2013 Rozdro\u017ce pod Por\u0119bkiem \u2013 Schronisko PTTK na \u015anie\u017cniku \u2013 Jask\u00f3\u0142cze Ska\u0142y \u2013 \u015anie\u017cnik \u2013 Le\u015bnicz\u00f3wka Kamienica Grupa S.16<\/td><td>5 + 13 + 4 + 2 +8 + 3 = 35 pkt GOT<\/td><td>TAK<\/td><\/tr><\/tbody><\/table><figcaption class=\"wp-element-caption\">Rozpis punktacji GOT<\/figcaption><\/figure>\n\n\n\nngg_shortcode_0_placeholder\n","protected":false},"excerpt":{"rendered":"<p>W dniu 29-06-2024 r. Gwarkowie Noworudzcy i ich przyjaciele wybrali si\u0119 samochodami na wycieczk\u0119 w masyw \u015anie\u017cnika. Pojazdy zaparkowali\u015bmy przy szlaku niebieskim przy Le\u015bnicz\u00f3wce Kamienica. Wsp\u00f3lna fotka przy kopii obrazu Matki Bo\u017cej Pi\u0119knej Mi\u0142o\u015bci przywiezionej z Bieszczad i wyruszyli\u015bmy mozolnie pod g\u00f3r\u0119 na zdobycie wie\u017cy na \u015anie\u017cniku. Pierwszy odpoczynek przy wiacie przy Rozdro\u017cu pod Por\u0119bkiem [&hellip;]<\/p>\n","protected":false},"author":141,"featured_media":0,"comment_status":"closed","ping_status":"closed","sticky":false,"template":"","format":"standard","meta":{"ngg_post_thumbnail":0,"footnotes":""},"categories":[],"tags":[],"class_list":["post-8677","post","type-post","status-publish","format-standard","hentry"],"_links":{"self":[{"href":"https:\/\/kolo-nowaruda.klodzko.pttk.pl\/index.php\/wp-json\/wp\/v2\/posts\/8677","targetHints":{"allow":["GET"]}}],"collection":[{"href":"https:\/\/kolo-nowaruda.klodzko.pttk.pl\/index.php\/wp-json\/wp\/v2\/posts"}],"about":[{"href":"https:\/\/kolo-nowaruda.klodzko.pttk.pl\/index.php\/wp-json\/wp\/v2\/types\/post"}],"author":[{"embeddable":true,"href":"https:\/\/kolo-nowaruda.klodzko.pttk.pl\/index.php\/wp-json\/wp\/v2\/users\/141"}],"replies":[{"embeddable":true,"href":"https:\/\/kolo-nowaruda.klodzko.pttk.pl\/index.php\/wp-json\/wp\/v2\/comments?post=8677"}],"version-history":[{"count":1,"href":"https:\/\/kolo-nowaruda.klodzko.pttk.pl\/index.php\/wp-json\/wp\/v2\/posts\/8677\/revisions"}],"predecessor-version":[{"id":8679,"href":"https:\/\/kolo-nowaruda.klodzko.pttk.pl\/index.php\/wp-json\/wp\/v2\/posts\/8677\/revisions\/8679"}],"wp:attachment":[{"href":"https:\/\/kolo-nowaruda.klodzko.pttk.pl\/index.php\/wp-json\/wp\/v2\/media?parent=8677"}],"wp:term":[{"taxonomy":"category","embeddable":true,"href":"https:\/\/kolo-nowaruda.klodzko.pttk.pl\/index.php\/wp-json\/wp\/v2\/categories?post=8677"},{"taxonomy":"post_tag","embeddable":true,"href":"https:\/\/kolo-nowaruda.klodzko.pttk.pl\/index.php\/wp-json\/wp\/v2\/tags?post=8677"}],"curies":[{"name":"wp","href":"https:\/\/api.w.org\/{rel}","templated":true}]}}